{"id":4388,"date":"2026-05-01T18:01:45","date_gmt":"2026-05-01T21:01:45","guid":{"rendered":"https:\/\/2804informa.com.ar\/?p=4388"},"modified":"2026-05-01T18:01:45","modified_gmt":"2026-05-01T21:01:45","slug":"la-escuela-tecnica-roberto-rocca-inicia-el-proceso-de-integracion-2026","status":"publish","type":"post","link":"https:\/\/2804informa.com.ar\/?p=4388","title":{"rendered":"La Escuela T\u00e9cnica Roberto Rocca inicia el Proceso de Integraci\u00f3n 2026"},"content":{"rendered":"<p><em>Se trata de un curso gratuito destinado a estudiantes de 6.\u00ba a\u00f1o de primaria. Su principal objetivo es fortalecer conocimientos y habilidades en Matem\u00e1tica y Pr\u00e1cticas del Lenguaje, claves para el paso a la escuela secundaria. Adem\u00e1s, al finalizar el Proceso de Integraci\u00f3n, se invitar\u00e1 a 72 estudiantes a formar parte de la camada 27\u201333 de la Escuela.<\/em><\/p>\n<p>La Escuela T\u00e9cnica Roberto Rocca y Tenaris anuncian que abre la inscripci\u00f3n para el Proceso de Integraci\u00f3n 2026. La iniciativa est\u00e1 dirigida a estudiantes que cursan 6.\u00b0 a\u00f1o de Primaria y tiene como principal objetivo fortalecer los conocimientos y habilidades de Matem\u00e1tica y Pr\u00e1cticas del Lenguaje, claves para el salto a la Secundaria independientemente de la modalidad escogida. Adem\u00e1s, una vez finalizado el Proceso de Integraci\u00f3n, se invitar\u00e1 a 72 alumnos y alumnas a formar parte de la camada 27-33 de la Escuela.<\/p>\n<p>\u201cEl trabajo en red con el tejido educativo de la regi\u00f3n es uno de los pilares de la Escuela T\u00e9cnica Roberto Rocca. Con este curso de cuatro meses de duraci\u00f3n buscamos no solamente promover la mejora continua de los aprendizajes, sino tambi\u00e9n despertar el inter\u00e9s por lo t\u00e9cnico, identificando intereses y motivaciones esenciales para transitar el nivel secundario en la modalidad t\u00e9cnica, sin importar la instituci\u00f3n elegida\u201d, manifest\u00f3 la directora <strong>Mariana Albarrac\u00edn<\/strong><\/p>\n<p>El Proceso de Integraci\u00f3n iniciar\u00e1 en junio y culminar\u00e1 en septiembre, con dos semanas de receso coincidentes con las vacaciones de invierno. El horario de cursada ser\u00e1 de 18:30 a 20:30 h, en modalidad h\u00edbrida, pudiendo elegirse entre dos opciones: lunes presencial y mi\u00e9rcoles virtual; o martes presencial y jueves virtual. Todas las clases presenciales se desarrollar\u00e1n en el edificio de la Escuela T\u00e9cnica Roberto Rocca de Campana, ubicado en Colectora Sur 2525. El Proceso de Integraci\u00f3n es totalmente gratuito.<\/p>\n<p>La inscripciones al Proceso de Integraci\u00f3n 2026 se abrir\u00e1n del 1 al 15 de mayo inclusive. Para anotarse, solo es necesario completar el siguiente link:<br \/>\n<a href=\"https:\/\/forms.cloud.microsoft\/r\/WkGetFXwS6\"><strong>https:\/\/forms.cloud.microsoft\/r\/WkGetFXwS6<\/strong><\/a><\/p>\n<p>Por otro lado, quienes no contin\u00faen su formaci\u00f3n en la Escuela T\u00e9cnica Roberto Rocca pero deseen seguir vinculados al mundo tecnol\u00f3gico, podr\u00e1n ser parte de la comunidad educativa mediante una beca del 100% para participar de los \u201cTecnoclubes\u201d, una iniciativa destinada a quienes completen el Proceso de Integraci\u00f3n.<\/p>\n<p>Esta propuesta incluye talleres orientados al desarrollo de habilidades socioemocionales y t\u00e9cnicas, como Dise\u00f1o e Impresi\u00f3n 3D, Inteligencia Artificial, Rob\u00f3tica, \u201cLaboratorio de vibraciones\u201d y trabajo en estructuras de madera y metal.<\/p>\n<p>En 2026, \u201cTecnoclubes\u201d contin\u00faa con la participaci\u00f3n de j\u00f3venes que finalizaron el Proceso 2024 \u2014quienes transitan su segundo a\u00f1o en este espacio\u2014 e incorpora a estudiantes que completaron el Proceso 2025.<\/p>\n<p>Tenaris inaugur\u00f3 en 2013 el primer establecimiento de la Red de Escuelas T\u00e9cnicas Roberto Rocca en Campana. La Escuela promueve programas educativos de excelencia, la innovaci\u00f3n con el uso inteligente de la tecnolog\u00eda, la vinculaci\u00f3n con el sector productivo y su comunidad, y la incorporaci\u00f3n y difusi\u00f3n de las mejores pr\u00e1cticas pedag\u00f3gicas. Adem\u00e1s, para brindar igualdad de oportunidades, todos los estudiantes reciben una beca, que var\u00eda en funci\u00f3n del nivel socioecon\u00f3mico de cada familia. La premisa es que cualquier estudiante de la comunidad pueda ser parte de la Escuela.<\/p>\n<p>La Escuela posee un plan de estudios de 7 a\u00f1os de formaci\u00f3n y ofrece tecnicaturas en las especialidades de Electr\u00f3nica y Electromec\u00e1nica. Las otras escuelas de la Red est\u00e1n ubicadas en Pesquer\u00eda, M\u00e9xico, y en Santa Cruz, Brasil.<\/p>\n<p><strong>M\u00e1s informaci\u00f3n:<\/strong><\/p>\n<p>Para iniciar la inscripci\u00f3n al Proceso de Integraci\u00f3n, hac\u00e9 clic ac\u00e1: <a href=\"https:\/\/forms.cloud.microsoft\/r\/WkGetFXwS6\"><strong>https:\/\/forms.cloud.microsoft\/r\/WkGetFXwS6<\/strong><\/a><\/p>\n<ul>\n<li><em>Disponible a partir del viernes 1\/5 hasta el 15\/5 inclusive.<\/em><\/li>\n<\/ul>\n<p>Si quer\u00e9s recibir m\u00e1s informaci\u00f3n, escrib\u00ed a <a href=\"mailto:integracion@etrr.edu.ar\"><strong>integracion@etrr.edu.ar<\/strong><\/a> o ingres\u00e1 a la web <a href=\"http:\/\/tecnicarobertorocca.edu.ar\"><strong>tecnicarobertorocca.edu.ar<\/strong><\/a><\/p>\n","protected":false},"excerpt":{"rendered":"<p>Se trata de un curso gratuito destinado a estudiantes de 6.\u00ba a\u00f1o de primaria. Su principal objetivo es fortalecer conocimientos y habilidades en Matem\u00e1tica y Pr\u00e1cticas del Lenguaje, claves para el paso a la escuela secundaria. Adem\u00e1s, al finalizar el Proceso de Integraci\u00f3n, se invitar\u00e1 a 72 estudiantes a formar parte de la camada 27\u201333 [&hellip;]<\/p>\n","protected":false},"author":2,"featured_media":4389,"comment_status":"closed","ping_status":"open","sticky":false,"template":"","format":"standard","meta":{"_eb_attr":"","footnotes":""},"categories":[5],"tags":[],"class_list":{"0":"post-4388","1":"post","2":"type-post","3":"status-publish","4":"format-standard","5":"has-post-thumbnail","7":"category-sociedad"},"aioseo_notices":[],"_links":{"self":[{"href":"https:\/\/2804informa.com.ar\/index.php?rest_route=\/wp\/v2\/posts\/4388","targetHints":{"allow":["GET"]}}],"collection":[{"href":"https:\/\/2804informa.com.ar\/index.php?rest_route=\/wp\/v2\/posts"}],"about":[{"href":"https:\/\/2804informa.com.ar\/index.php?rest_route=\/wp\/v2\/types\/post"}],"author":[{"embeddable":true,"href":"https:\/\/2804informa.com.ar\/index.php?rest_route=\/wp\/v2\/users\/2"}],"replies":[{"embeddable":true,"href":"https:\/\/2804informa.com.ar\/index.php?rest_route=%2Fwp%2Fv2%2Fcomments&post=4388"}],"version-history":[{"count":1,"href":"https:\/\/2804informa.com.ar\/index.php?rest_route=\/wp\/v2\/posts\/4388\/revisions"}],"predecessor-version":[{"id":4390,"href":"https:\/\/2804informa.com.ar\/index.php?rest_route=\/wp\/v2\/posts\/4388\/revisions\/4390"}],"wp:featuredmedia":[{"embeddable":true,"href":"https:\/\/2804informa.com.ar\/index.php?rest_route=\/wp\/v2\/media\/4389"}],"wp:attachment":[{"href":"https:\/\/2804informa.com.ar\/index.php?rest_route=%2Fwp%2Fv2%2Fmedia&parent=4388"}],"wp:term":[{"taxonomy":"category","embeddable":true,"href":"https:\/\/2804informa.com.ar\/index.php?rest_route=%2Fwp%2Fv2%2Fcategories&post=4388"},{"taxonomy":"post_tag","embeddable":true,"href":"https:\/\/2804informa.com.ar\/index.php?rest_route=%2Fwp%2Fv2%2Ftags&post=4388"}],"curies":[{"name":"wp","href":"https:\/\/api.w.org\/{rel}","templated":true}]}}