{"id":4382,"date":"2026-05-01T10:05:58","date_gmt":"2026-05-01T13:05:58","guid":{"rendered":"https:\/\/2804informa.com.ar\/?p=4382"},"modified":"2026-05-01T10:05:58","modified_gmt":"2026-05-01T13:05:58","slug":"la-historia-detras-de-la-foto-que-se-vuelve-viral-cada-dia-del-trabajador","status":"publish","type":"post","link":"https:\/\/2804informa.com.ar\/?p=4382","title":{"rendered":"La historia detr\u00e1s de la foto que se vuelve viral cada D\u00eda del Trabajador"},"content":{"rendered":"<section class=\"text-token-text-primary w-full focus:outline-none [--shadow-height:45px] has-data-writing-block:pointer-events-none has-data-writing-block:-mt-(--shadow-height) has-data-writing-block:pt-(--shadow-height) [&amp;:has([data-writing-block])&gt;*]:pointer-events-auto [content-visibility:auto] supports-[content-visibility:auto]:[contain-intrinsic-size:auto_100lvh] R6Vx5W_threadScrollVars scroll-mb-[calc(var(--scroll-root-safe-area-inset-bottom,0px)+var(--thread-response-height))] scroll-mt-[calc(var(--header-height)+min(200px,max(70px,20svh)))]\" dir=\"auto\" data-turn-id=\"request-WEB:7deba533-e0d6-4c86-85a6-128c3f5763d3-1\" data-testid=\"conversation-turn-4\" data-scroll-anchor=\"false\" data-turn=\"assistant\">\n<div class=\"text-base my-auto mx-auto pb-10 [--thread-content-margin:var(--thread-content-margin-xs,calc(var(--spacing)*4))] @w-sm\/main:[--thread-content-margin:var(--thread-content-margin-sm,calc(var(--spacing)*6))] @w-lg\/main:[--thread-content-margin:var(--thread-content-margin-lg,calc(var(--spacing)*16))] px-(--thread-content-margin)\">\n<div class=\"[--thread-content-max-width:40rem] @w-lg\/main:[--thread-content-max-width:48rem] mx-auto max-w-(--thread-content-max-width) flex-1 group\/turn-messages focus-visible:outline-hidden relative flex w-full min-w-0 flex-col agent-turn\">\n<div class=\"flex max-w-full flex-col gap-4 grow\">\n<div class=\"min-h-8 text-message relative flex w-full flex-col items-end gap-2 text-start break-words whitespace-normal outline-none keyboard-focused:focus-ring [.text-message+&amp;]:mt-1\" dir=\"auto\" tabindex=\"0\" data-message-author-role=\"assistant\" data-message-id=\"e0db6b4c-ad15-41d9-af0c-11b7f1f192e3\" data-message-model-slug=\"gpt-5-3\" data-turn-start-message=\"true\">\n<div class=\"flex w-full flex-col gap-1 empty:hidden\">\n<div class=\"markdown prose dark:prose-invert w-full wrap-break-word dark markdown-new-styling\">\n<p data-start=\"122\" data-end=\"502\">Cada 1\u00b0 de mayo, en el marco del D\u00eda Internacional del Trabajador, una imagen vuelve a circular con fuerza en redes sociales y medios de todo el mundo: la de once obreros sentados sobre una viga, suspendidos en el aire, compartiendo su almuerzo sin ning\u00fan tipo de protecci\u00f3n. Se trata de <strong data-start=\"410\" data-end=\"451\"><span class=\"hover:entity-accent entity-underline inline cursor-pointer align-baseline\"><span class=\"whitespace-normal\">Lunch atop a Skyscraper<\/span><\/span><\/strong>, una de las fotograf\u00edas m\u00e1s ic\u00f3nicas del siglo XX.<\/p>\n<p data-start=\"504\" data-end=\"967\">La imagen fue tomada el 20 de septiembre de 1932 durante la construcci\u00f3n del complejo <strong data-start=\"590\" data-end=\"631\"><span class=\"hover:entity-accent entity-underline inline cursor-pointer align-baseline\"><span class=\"whitespace-normal\">Rockefeller Center<\/span><\/span><\/strong>, en pleno coraz\u00f3n de <strong data-start=\"653\" data-end=\"694\"><span class=\"hover:entity-accent entity-underline inline cursor-pointer align-baseline\"><span class=\"whitespace-normal\">Nueva York<\/span><\/span><\/strong>. En ese momento, Estados Unidos atravesaba uno de los per\u00edodos m\u00e1s duros de su historia econ\u00f3mica, la <strong data-start=\"797\" data-end=\"838\"><span class=\"hover:entity-accent entity-underline inline cursor-pointer align-baseline\"><span class=\"whitespace-normal\">Gran Depresi\u00f3n<\/span><\/span><\/strong>, lo que obligaba a miles de trabajadores \u2014muchos de ellos inmigrantes\u2014 a aceptar condiciones laborales extremadamente riesgosas.<\/p>\n<p data-start=\"969\" data-end=\"1345\">Durante a\u00f1os se crey\u00f3 que la escena pod\u00eda ser un montaje, pero investigaciones posteriores confirmaron que la fotograf\u00eda es real. Fue tomada como parte de una campa\u00f1a publicitaria para promocionar el avance de la obra, aunque eso no quita que los trabajadores efectivamente realizaban sus tareas en condiciones similares, sin arneses ni medidas de seguridad como las actuales.<\/p>\n<p data-start=\"1347\" data-end=\"1684\">La autor\u00eda de la imagen no est\u00e1 completamente definida. Si bien suele atribuirse al fot\u00f3grafo <strong data-start=\"1441\" data-end=\"1482\"><span class=\"hover:entity-accent entity-underline inline cursor-pointer align-baseline\"><span class=\"whitespace-normal\">Charles C. Ebbets<\/span><\/span><\/strong>, tambi\u00e9n se menciona la participaci\u00f3n de otros profesionales que trabajaban para el proyecto. La falta de un cr\u00e9dito oficial durante d\u00e9cadas contribuy\u00f3 a alimentar el misterio en torno a la fotograf\u00eda.<\/p>\n<p data-start=\"1686\" data-end=\"2074\">M\u00e1s all\u00e1 de su origen, la imagen se transform\u00f3 en un s\u00edmbolo universal. Representa el esfuerzo humano, el sacrificio y, al mismo tiempo, la vulnerabilidad de los trabajadores frente a contextos econ\u00f3micos adversos. La naturalidad con la que los obreros comparten su almuerzo a m\u00e1s de 250 metros de altura impacta a\u00fan hoy, en una \u00e9poca donde la seguridad laboral es un derecho fundamental.<\/p>\n<p data-start=\"2076\" data-end=\"2456\" data-is-last-node=\"\" data-is-only-node=\"\">A casi un siglo de su captura, \u201cLunch atop a Skyscraper\u201d sigue vigente no solo por su potencia visual, sino porque invita a reflexionar sobre la historia del trabajo, las conquistas laborales y los desaf\u00edos que a\u00fan persisten. Cada D\u00eda del Trabajador, su viralizaci\u00f3n renueva ese debate y mantiene viva la memoria de quienes construyeron, literalmente, las bases del mundo moderno.<\/p>\n<\/div>\n<\/div>\n<\/div>\n<\/div>\n<\/div>\n<\/div>\n<\/section>\n","protected":false},"excerpt":{"rendered":"<p>Cada 1\u00b0 de mayo, en el marco del D\u00eda Internacional del Trabajador, una imagen vuelve a circular con fuerza en redes sociales y medios de todo el mundo: la de once obreros sentados sobre una viga, suspendidos en el aire, compartiendo su almuerzo sin ning\u00fan tipo de protecci\u00f3n. Se trata de Lunch atop a Skyscraper, [&hellip;]<\/p>\n","protected":false},"author":2,"featured_media":4383,"comment_status":"closed","ping_status":"open","sticky":false,"template":"","format":"standard","meta":{"_eb_attr":"","footnotes":""},"categories":[5],"tags":[],"class_list":{"0":"post-4382","1":"post","2":"type-post","3":"status-publish","4":"format-standard","5":"has-post-thumbnail","7":"category-sociedad"},"aioseo_notices":[],"_links":{"self":[{"href":"https:\/\/2804informa.com.ar\/index.php?rest_route=\/wp\/v2\/posts\/4382","targetHints":{"allow":["GET"]}}],"collection":[{"href":"https:\/\/2804informa.com.ar\/index.php?rest_route=\/wp\/v2\/posts"}],"about":[{"href":"https:\/\/2804informa.com.ar\/index.php?rest_route=\/wp\/v2\/types\/post"}],"author":[{"embeddable":true,"href":"https:\/\/2804informa.com.ar\/index.php?rest_route=\/wp\/v2\/users\/2"}],"replies":[{"embeddable":true,"href":"https:\/\/2804informa.com.ar\/index.php?rest_route=%2Fwp%2Fv2%2Fcomments&post=4382"}],"version-history":[{"count":1,"href":"https:\/\/2804informa.com.ar\/index.php?rest_route=\/wp\/v2\/posts\/4382\/revisions"}],"predecessor-version":[{"id":4384,"href":"https:\/\/2804informa.com.ar\/index.php?rest_route=\/wp\/v2\/posts\/4382\/revisions\/4384"}],"wp:featuredmedia":[{"embeddable":true,"href":"https:\/\/2804informa.com.ar\/index.php?rest_route=\/wp\/v2\/media\/4383"}],"wp:attachment":[{"href":"https:\/\/2804informa.com.ar\/index.php?rest_route=%2Fwp%2Fv2%2Fmedia&parent=4382"}],"wp:term":[{"taxonomy":"category","embeddable":true,"href":"https:\/\/2804informa.com.ar\/index.php?rest_route=%2Fwp%2Fv2%2Fcategories&post=4382"},{"taxonomy":"post_tag","embeddable":true,"href":"https:\/\/2804informa.com.ar\/index.php?rest_route=%2Fwp%2Fv2%2Ftags&post=4382"}],"curies":[{"name":"wp","href":"https:\/\/api.w.org\/{rel}","templated":true}]}}