{"id":4370,"date":"2026-04-29T17:58:59","date_gmt":"2026-04-29T20:58:59","guid":{"rendered":"https:\/\/2804informa.com.ar\/?p=4370"},"modified":"2026-04-29T17:58:59","modified_gmt":"2026-04-29T20:58:59","slug":"educacion-argentina-43-anos-de-democracia-administrando-el-fracaso","status":"publish","type":"post","link":"https:\/\/2804informa.com.ar\/?p=4370","title":{"rendered":"Educaci\u00f3n argentina: 43 a\u00f1os de democracia administrando el fracaso"},"content":{"rendered":"<p>Cuatro d\u00e9cadas de democracia no alcanzaron para resolver el problema m\u00e1s evidente del sistema educativo argentino. No por falta de diagn\u00f3sticos, ni de leyes, ni de discursos. La educaci\u00f3n no fracas\u00f3 sola: fue sostenida, negociada y administrada por una dirigencia que nunca estuvo dispuesta a transformarla de verdad.<\/p>\n<p><strong>Democracia y reconstrucci\u00f3n: el inicio de una promesa que nunca se volvi\u00f3 pol\u00edtica de Estado<\/strong><\/p>\n<p>El retorno democr\u00e1tico en 1983 coloc\u00f3 a la educaci\u00f3n en un lugar central, al menos en el plano simb\u00f3lico. La escuela deb\u00eda reconstruir ciudadan\u00eda, pensamiento cr\u00edtico y convivencia democr\u00e1tica.<\/p>\n<p>Pero ese impulso inicial no se tradujo en transformaci\u00f3n estructural. La crisis econ\u00f3mica limit\u00f3 la acci\u00f3n, pero tambi\u00e9n dej\u00f3 en evidencia algo m\u00e1s profundo: la educaci\u00f3n fue prioridad discursiva, no prioridad pol\u00edtica. Desde entonces, la promesa qued\u00f3 instalada. Lo que nunca apareci\u00f3 fue la decisi\u00f3n de sostenerla.<\/p>\n<p><strong>Descentralizar sin recursos: el origen de una desigualdad estructural<\/strong><\/p>\n<p>La transferencia del sistema educativo a las provincias en los a\u00f1os noventa no fue solo una reforma administrativa. Fue un punto de quiebre. Bajo el discurso de modernizaci\u00f3n, el Estado nacional se retir\u00f3 de la responsabilidad directa sin garantizar condiciones equivalentes. El resultado no fue autonom\u00eda: fue fragmentaci\u00f3n. Hoy no existe un sistema educativo argentino.<\/p>\n<p>Existen m\u00faltiples sistemas, desiguales, condicionados por la capacidad econ\u00f3mica de cada jurisdicci\u00f3n. Se provincializ\u00f3 la responsabilidad y se nacionaliz\u00f3 el desentendimiento.<\/p>\n<p><strong>Incluir sin ense\u00f1ar: cuando la pol\u00edtica decidi\u00f3 no discutir la calidad<\/strong><\/p>\n<p>Durante los a\u00f1os 2000, la educaci\u00f3n volvi\u00f3 al centro de la agenda p\u00fablica. Se ampli\u00f3 la obligatoriedad, creci\u00f3 el presupuesto y se impulsaron pol\u00edticas de inclusi\u00f3n.<\/p>\n<p>Pero ah\u00ed se consolid\u00f3 uno de los n\u00facleos m\u00e1s profundos del problema actual: se prioriz\u00f3 el acceso, evitando deliberadamente el conflicto por la calidad. Se ampli\u00f3 la matr\u00edcula sin exigir resultados. Se sostuvo la permanencia sin garantizar aprendizajes. Y, en muchos casos, se evit\u00f3 discutir evaluaci\u00f3n, exigencia y contenidos por su costo pol\u00edtico.<\/p>\n<p>La consecuencia fue estructural: la escuela dej\u00f3 de ser un espacio que iguala oportunidades para convertirse, muchas veces, en un sistema que contiene sin transformar. No fue un error. Fue una decisi\u00f3n.<\/p>\n<p><strong>Evaluar sin transformar: el l\u00edmite de mostrar el problema<\/strong><\/p>\n<p>Las pol\u00edticas de evaluaci\u00f3n lograron poner datos sobre la mesa. Confirmaron lo que ya era evidente: bajos niveles de comprensi\u00f3n lectora, dificultades en matem\u00e1tica y desigualdades profundas. Pero el sistema hizo algo que se repite hasta hoy: diagnostic\u00f3 sin intervenir. Medir sin decisi\u00f3n pol\u00edtica de cambio es apenas una forma sofisticada de administrar el problema.<\/p>\n<p><strong>Pandemia: cuando la ficci\u00f3n educativa se volvi\u00f3 evidente<\/strong><\/p>\n<p>La pandemia no gener\u00f3 la crisis. La dej\u00f3 al descubierto. El cierre de escuelas mostr\u00f3 con crudeza lo que el sistema ven\u00eda ocultando: desigualdad digital, fragilidad institucional y ausencia de planificaci\u00f3n real.<\/p>\n<p>En muchos casos, la llamada \u201ccontinuidad pedag\u00f3gica\u201d fue una simulaci\u00f3n sostenida por el esfuerzo individual de docentes y familias.<\/p>\n<p>Hoy las consecuencias son visibles:<\/p>\n<ul>\n<li>estudiantes que no comprenden lo que leen<\/li>\n<li>trayectorias fragmentadas<\/li>\n<li>ca\u00edda generalizada de los aprendizajes<\/li>\n<\/ul>\n<p>La pandemia no rompi\u00f3 el sistema. Expuso que ya estaba roto.<\/p>\n<p><strong>El financiamiento: la variable de ajuste silenciosa<\/strong><\/p>\n<p>A lo largo de estas d\u00e9cadas, el presupuesto educativo nunca logr\u00f3 consolidarse como pol\u00edtica sostenida. Hubo momentos de expansi\u00f3n, s\u00ed. Pero tambi\u00e9n retrocesos sistem\u00e1ticos.<\/p>\n<p>Infraestructura deteriorada, salarios docentes rezagados y falta de recursos no son accidentes: son el resultado de una decisi\u00f3n pol\u00edtica constante de no priorizar la educaci\u00f3n en serio. Sin inversi\u00f3n sostenida, no hay reforma posible. Todo lo dem\u00e1s es relato.<\/p>\n<p><strong>Formar docentes en un sistema que no forma<\/strong><\/p>\n<p>La crisis de los profesorados es uno de los s\u00edntomas m\u00e1s graves y menos discutidos. Planes desactualizados, escasa articulaci\u00f3n con la realidad escolar y condiciones institucionales d\u00e9biles configuran un escenario preocupante. A esto se suma un dato clave: cada vez menos j\u00f3venes eligen la docencia.<\/p>\n<p>El sistema empieza a quedarse sin quienes lo sostengan. Y, aun as\u00ed, la pol\u00edtica educativa sigue mirando hacia otro lado.<\/p>\n<p><strong>Sindicatos y pol\u00edtica: el equilibrio que bloquea el cambio<\/strong><\/p>\n<p>Los sindicatos docentes han sido actores centrales en la defensa de derechos laborales. Pero tambi\u00e9n forman parte de una din\u00e1mica que condiciona cualquier transformaci\u00f3n profunda.<\/p>\n<p>Durante d\u00e9cadas se consolid\u00f3 un esquema de convivencia entre gobiernos y sindicatos donde:<\/p>\n<ul>\n<li>el conflicto se administra<\/li>\n<li>la discusi\u00f3n se reduce a lo salarial<\/li>\n<li>y el debate pedag\u00f3gico queda relegado<\/li>\n<\/ul>\n<p>Cambiar implicar\u00eda romper ese equilibrio. Y ese es el punto que nadie quiere tocar. La educaci\u00f3n queda atrapada en un sistema que no funciona\u2026 pero que resulta funcional para quienes lo administran.<\/p>\n<p><strong>La nueva reforma: \u00bftransformaci\u00f3n o ajuste con discurso educativo?<\/strong><\/p>\n<p>El gobierno actual propone una reforma enmarcada en la reducci\u00f3n del Estado, con ejes centrados en eficiencia, libertad y desburocratizaci\u00f3n. Pero la pregunta es inevitable: \u00bfse puede mejorar la educaci\u00f3n invirtiendo menos? La evidencia hist\u00f3rica indica lo contrario.<\/p>\n<p>Existe un riesgo concreto: profundizar la desigualdad y avanzar hacia un modelo donde la educaci\u00f3n dependa cada vez m\u00e1s de las posibilidades econ\u00f3micas de cada familia. No ser\u00eda una reforma. Ser\u00eda una reconfiguraci\u00f3n regresiva del sistema.<\/p>\n<p><strong>El verdadero problema: un sistema que nadie quiso cambiar<\/strong><\/p>\n<p>M\u00e1s all\u00e1 de las diferencias ideol\u00f3gicas, hay una constante que atraviesa los \u00faltimos 43 a\u00f1os:<\/p>\n<ul>\n<li>cada gobierno redefine el problema<\/li>\n<li>cada gobierno lanza su propia reforma<\/li>\n<li>ninguna pol\u00edtica se sostiene en el tiempo<\/li>\n<\/ul>\n<p>La educaci\u00f3n argentina no carece de diagn\u00f3sticos. Carece de decisi\u00f3n pol\u00edtica. Y hay algo m\u00e1s inc\u00f3modo a\u00fan: el sistema no est\u00e1 simplemente fallando. Funciona exactamente como la dirigencia lo ha permitido: con baja exigencia, alta tolerancia al deterioro y sin costo pol\u00edtico real.<\/p>\n<p><strong>Cierre: la deuda que ya no se puede disimular<\/strong><\/p>\n<p>La educaci\u00f3n se convirti\u00f3 en un terreno donde la pol\u00edtica promete transformaci\u00f3n, pero gestiona continuidad. Se habla de inclusi\u00f3n mientras se naturaliza la baja calidad. Se habla de inversi\u00f3n mientras se ajusta. Se habla de futuro mientras se administra la urgencia.<\/p>\n<p>Despu\u00e9s de m\u00e1s de cuatro d\u00e9cadas de democracia, la discusi\u00f3n ya no es qu\u00e9 reforma hace falta. La pregunta es otra: \u00bfqui\u00e9n est\u00e1 dispuesto a pagar el costo pol\u00edtico de transformar de verdad el sistema educativo? Porque sin esa decisi\u00f3n, todo seguir\u00e1 igual. No por incapacidad. Sino por elecci\u00f3n.<\/p>\n<p><strong>Lic. Fernando Bonforti, Analista del sistema educativo<\/strong><\/p>\n","protected":false},"excerpt":{"rendered":"<p>Cuatro d\u00e9cadas de democracia no alcanzaron para resolver el problema m\u00e1s evidente del sistema educativo argentino. No por falta de diagn\u00f3sticos, ni de leyes, ni de discursos. La educaci\u00f3n no fracas\u00f3 sola: fue sostenida, negociada y administrada por una dirigencia que nunca estuvo dispuesta a transformarla de verdad. Democracia y reconstrucci\u00f3n: el inicio de una [&hellip;]<\/p>\n","protected":false},"author":2,"featured_media":4107,"comment_status":"closed","ping_status":"open","sticky":false,"template":"","format":"standard","meta":{"_eb_attr":"","footnotes":""},"categories":[38],"tags":[],"class_list":{"0":"post-4370","1":"post","2":"type-post","3":"status-publish","4":"format-standard","5":"has-post-thumbnail","7":"category-educacion"},"aioseo_notices":[],"_links":{"self":[{"href":"https:\/\/2804informa.com.ar\/index.php?rest_route=\/wp\/v2\/posts\/4370","targetHints":{"allow":["GET"]}}],"collection":[{"href":"https:\/\/2804informa.com.ar\/index.php?rest_route=\/wp\/v2\/posts"}],"about":[{"href":"https:\/\/2804informa.com.ar\/index.php?rest_route=\/wp\/v2\/types\/post"}],"author":[{"embeddable":true,"href":"https:\/\/2804informa.com.ar\/index.php?rest_route=\/wp\/v2\/users\/2"}],"replies":[{"embeddable":true,"href":"https:\/\/2804informa.com.ar\/index.php?rest_route=%2Fwp%2Fv2%2Fcomments&post=4370"}],"version-history":[{"count":1,"href":"https:\/\/2804informa.com.ar\/index.php?rest_route=\/wp\/v2\/posts\/4370\/revisions"}],"predecessor-version":[{"id":4371,"href":"https:\/\/2804informa.com.ar\/index.php?rest_route=\/wp\/v2\/posts\/4370\/revisions\/4371"}],"wp:featuredmedia":[{"embeddable":true,"href":"https:\/\/2804informa.com.ar\/index.php?rest_route=\/wp\/v2\/media\/4107"}],"wp:attachment":[{"href":"https:\/\/2804informa.com.ar\/index.php?rest_route=%2Fwp%2Fv2%2Fmedia&parent=4370"}],"wp:term":[{"taxonomy":"category","embeddable":true,"href":"https:\/\/2804informa.com.ar\/index.php?rest_route=%2Fwp%2Fv2%2Fcategories&post=4370"},{"taxonomy":"post_tag","embeddable":true,"href":"https:\/\/2804informa.com.ar\/index.php?rest_route=%2Fwp%2Fv2%2Ftags&post=4370"}],"curies":[{"name":"wp","href":"https:\/\/api.w.org\/{rel}","templated":true}]}}