{"id":4355,"date":"2026-04-27T23:59:40","date_gmt":"2026-04-28T02:59:40","guid":{"rendered":"https:\/\/2804informa.com.ar\/?p=4355"},"modified":"2026-04-27T18:49:40","modified_gmt":"2026-04-27T21:49:40","slug":"la-seguridad-y-la-salud-en-el-trabajo-pueden-salvar-vidas","status":"publish","type":"post","link":"https:\/\/2804informa.com.ar\/?p=4355","title":{"rendered":"La seguridad y la salud en el trabajo pueden salvar vidas"},"content":{"rendered":"<p><strong>En el marco del D\u00eda Mundial de la Seguridad y la Salud en el Trabajo, una fecha que invita a reflexionar sobre la prevenci\u00f3n y el bienestar en los \u00e1mbitos laborales, el Dr. Racedo \u2014m\u00e9dico especialista en Terapia Intensiva\u2014 desarrolla una mirada integral sobre los riesgos, las enfermedades profesionales y la importancia de construir entornos laborales m\u00e1s seguros y saludables.<\/strong><\/p>\n<p>Cada 28 de abril, impulsado por la Organizaci\u00f3n Internacional del Trabajo, se conmemora el D\u00eda Mundial de la Seguridad y la Salud en el Trabajo, una fecha que invita a reflexionar sobre las condiciones en las que millones de personas desarrollan sus tareas. En este contexto, el Dr. Racedo aporta su mirada sobre el rol de la medicina laboral y la salud ocupacional en la detecci\u00f3n de riesgos, la prevenci\u00f3n de enfermedades y la construcci\u00f3n de entornos de trabajo m\u00e1s saludables.<\/p>\n<p>El 28 de abril de cada a\u00f1o, impulsado por la Organizaci\u00f3n Internacional del Trabajo (OIT) se celebra El D\u00eda Mundial de la Seguridad y la Salud en el Trabajo. Esta fecha busca concienciar sobre entornos laborales seguros, decentes y saludables. Fomentar una cultura de prevenci\u00f3n, sensibilizar sobre la magnitud de lesiones y muertes en el trabajo, y promover entornos seguros.<\/p>\n<p>Seg\u00fan la OMS la salud se define como el bienestar f\u00edsico, ps\u00edquico y social de las personas. En la medicina del trabajo y salud ocupacional se busca prevenir enfermedades y accidentes laborales, promoviendo el m\u00e1ximo bienestar f\u00edsico y mental de los trabajadores. Abarca la identificaci\u00f3n de riesgos (f\u00edsicos, ergon\u00f3micos, psicosociales), la realizaci\u00f3n de ex\u00e1menes m\u00e9dicos y la gesti\u00f3n de la salud en el entorno laboral.<\/p>\n<p>Se puede diferenciar, claramente la medicina del trabajo con la salud ocupacional, aunque sean parientes entre s\u00ed.<\/p>\n<p>La medicina del trabajo es una especialidad m\u00e9dica cuya funci\u00f3n es diagnosticar, prevenir y tratar enfermedades causadas por el trabajo o entorno laboral.<\/p>\n<p>La Salud ocupacional es un \u00e1rea de la salud p\u00fablica que abarca organizaci\u00f3n de tareas, seguridad laboral, mejora del ambiente laboral, ergonom\u00eda en las funciones, etc. es en realidad una actividad multidisciplinaria dirigida a promover y proteger la salud de los\/as trabajadores\/as mediante la prevenci\u00f3n y el control de enfermedades y accidentes y la eliminaci\u00f3n de los factores y condiciones que ponen en peligro la salud y la seguridad en el trabajo.<\/p>\n<p>Adem\u00e1s, procura generar y promover el trabajo seguro y sano, as\u00ed como buenos ambientes y organizaciones de trabajo realzando el bienestar f\u00edsico mental y social de los\/as trabajadores\/as y respaldar el perfeccionamiento y el mantenimiento de su capacidad de trabajo.<\/p>\n<p>A la vez que busca habilitar a los\/as trabajadores\/as para que lleven vidas social y econ\u00f3micamente productivas y contribuyan efectivamente al desarrollo sostenible, la salud ocupacional permite su enriquecimiento humano y profesional en el trabajo.<\/p>\n<p><strong>Todo esto se logra con:<\/strong><\/p>\n<ul>\n<li>Ex\u00e1menes m\u00e9dicos: preocupacionales, peri\u00f3dicos e incluso post ocupacionales.<\/li>\n<li>Monitoreo de enfermedades profesionales<\/li>\n<li>Prevenci\u00f3n y asesoramiento.<\/li>\n<\/ul>\n<p>EN Argentina la ley 19587 de higiene y seguridad en el trabajo define las pautas b\u00e1sicas que tienden a la salud laboral.<\/p>\n<ul>\n<li>Vigilancia de la salud de los\/as trabajadores\/as.<\/li>\n<li>Vigilancia de las condiciones y medio ambiente de trabajo.<\/li>\n<li>Asesoramiento, capacitaci\u00f3n, informaci\u00f3n y difusi\u00f3n en materia de salud y seguridad en el trabajo.<\/li>\n<li>Seguimiento de los accidentes de trabajo, enfermedades profesionales y de enfermedades relacionadas con el trabajo.<\/li>\n<li>Organismo responsable ante la Aseguradora de Riesgos del Trabajo y contralor de las prestaciones brindadas a los\/as trabajadores\/as.<\/li>\n<\/ul>\n<p>Con respecto a la medicina del trabajo dijimos que es la especialidad m\u00e9dica que se dedica al estudio de las enfermedades y los accidentes que se producen por causa o consecuencia de la actividad laboral, as\u00ed como las medidas de prevenci\u00f3n que deben ser adoptadas para evitarlas o aminorar sus consecuencias.<\/p>\n<p>Las enfermedades laborales son afecciones cr\u00f3nicas causadas por el entorno o la actividad de trabajo, destacando las musculoesquel\u00e9ticas, auditivas y respiratorias. Ejemplos comunes incluyen el s\u00edndrome del t\u00fanel carpiano, hipoacusia, dolor de espalda, estr\u00e9s laboral y enfermedades respiratorias por polvo.<\/p>\n<p><strong>Las enfermedades laborales descriptas como frecuentes son:<\/strong><\/p>\n<p>S\u00edndrome del t\u00fanel carpiano: Dolor y entumecimiento en la mano por compresi\u00f3n del nervio mediano, com\u00fan en trabajos de oficina o con movimientos repetitivos.<\/p>\n<p>Hipoacusia laboral (sordera): P\u00e9rdida auditiva producida por la exposici\u00f3n continua a altos niveles de ruido en industrias.<\/p>\n<p>Lumbalgias y lesiones de espalda: Dolor intenso en la zona lumbar derivado de la carga de objetos pesados o posturas forzadas.<\/p>\n<p>Estr\u00e9s laboral o Burnout: Agotamiento f\u00edsico y mental cr\u00f3nico provocado por la presi\u00f3n excesiva, carga laboral o ambiente de trabajo negativo.<\/p>\n<p>Tendinitis y tendosinovitis: Inflamaci\u00f3n de los tendones, generalmente en mu\u00f1ecas u hombros, causada por tareas repetitivas y movimientos forzados.<\/p>\n<p>Enfermedades respiratorias: Afecciones pulmonares causadas por la inhalaci\u00f3n de polvos inorg\u00e1nicos (s\u00edlice, asbesto) en miner\u00eda o construcci\u00f3n.<\/p>\n<p>Gastritis: Inflamaci\u00f3n de la mucosa estomacal, frecuentemente ligada al estr\u00e9s laboral y a los malos h\u00e1bitos alimenticios por falta de tiempo.<\/p>\n<p>Estas enfermedades pueden variar seg\u00fan el sector productivo y son objeto de regulaci\u00f3n, y se detallan en el Listado de Enfermedades Profesionales de la SRT, cubiertas por las Aseguradoras del riesgo del trabajo.<\/p>\n<p>A la hora de observar los riesgos laborales podemos encontrar 7 tipos de riesgos laborales principales son: f\u00edsicos, qu\u00edmicos, biol\u00f3gicos, ergon\u00f3micos, psicosociales, mec\u00e1nicos y ambientales.<\/p>\n<p>Estos factores pueden causar lesiones, enfermedades o accidentes, afectando la integridad f\u00edsica y mental del trabajador en su entorno de trabajo.<\/p>\n<ul>\n<li>Riesgos F\u00edsicos: Agentes ambientales como ruido, vibraciones, iluminaci\u00f3n inadecuada, temperaturas extremas o radiaciones.<\/li>\n<li>Riesgos Qu\u00edmicos: Exposici\u00f3n a sustancias t\u00f3xicas, vapores, gases, humos o polvo que pueden inhalarse o entrar en contacto con la piel.<\/li>\n<li>Riesgos Biol\u00f3gicos: Exposici\u00f3n a microorganismos como virus, bacterias, hongos o par\u00e1sitos que pueden causar infecciones.<\/li>\n<li>Riesgos Ergon\u00f3micos: Derivados de posturas forzadas, movimientos repetitivos o carga manual de cargas, provocando lesiones musculoesquel\u00e9ticas.<\/li>\n<li>Riesgos Psicosociales: Relacionados con la organizaci\u00f3n del trabajo, carga mental, estr\u00e9s, acoso laboral o violencia.<\/li>\n<li>Riesgos Mec\u00e1nicos: Relacionados con el uso de maquinaria, herramientas o equipos que pueden causar cortes, golpes o atrapamientos.<\/li>\n<li>Riesgos Ambientales: Fen\u00f3menos naturales que pueden afectar el lugar de trabajo, como condiciones clim\u00e1ticas extremas.<\/li>\n<\/ul>\n<p>Por \u00faltimo, es bueno recordar que los trabajadores deber\u00edan ser capacitados en determinadas cuestiones que hacen a su propia seguridad.<\/p>\n<p>Capacitaciones obligatorias de Seguridad y Salud en el Trabajo (Ley 29783)<\/p>\n<ul>\n<li>Uso de Equipos de Protecci\u00f3n Personal (EPP)<\/li>\n<li>Capacitaci\u00f3n en Primeros Auxilios.<\/li>\n<li>Identificaci\u00f3n de Peligros y Evaluaci\u00f3n de Riesgos (IPER)<\/li>\n<li>Capacitaci\u00f3n en Ergonom\u00eda.<\/li>\n<\/ul>\n<p><strong>CIMO medicina laboral<\/strong><\/p>\n<p>Tel\u00e9fono: 03489 438273 \/ 424848 \/ 298872 \/ 3489 519640<\/p>\n<p>Direcci\u00f3n: Castelli 176, Campana, Buenos Aires, Argentina \/ Castelli 152, Campana, Buenos Aires, Argentina<\/p>\n","protected":false},"excerpt":{"rendered":"<p>En el marco del D\u00eda Mundial de la Seguridad y la Salud en el Trabajo, una fecha que invita a reflexionar sobre la prevenci\u00f3n y el bienestar en los \u00e1mbitos laborales, el Dr. Racedo \u2014m\u00e9dico especialista en Terapia Intensiva\u2014 desarrolla una mirada integral sobre los riesgos, las enfermedades profesionales y la importancia de construir entornos [&hellip;]<\/p>\n","protected":false},"author":2,"featured_media":4356,"comment_status":"closed","ping_status":"open","sticky":false,"template":"","format":"standard","meta":{"_eb_attr":"","footnotes":""},"categories":[124],"tags":[],"class_list":{"0":"post-4355","1":"post","2":"type-post","3":"status-publish","4":"format-standard","5":"has-post-thumbnail","7":"category-notas-de-tapa"},"aioseo_notices":[],"_links":{"self":[{"href":"https:\/\/2804informa.com.ar\/index.php?rest_route=\/wp\/v2\/posts\/4355","targetHints":{"allow":["GET"]}}],"collection":[{"href":"https:\/\/2804informa.com.ar\/index.php?rest_route=\/wp\/v2\/posts"}],"about":[{"href":"https:\/\/2804informa.com.ar\/index.php?rest_route=\/wp\/v2\/types\/post"}],"author":[{"embeddable":true,"href":"https:\/\/2804informa.com.ar\/index.php?rest_route=\/wp\/v2\/users\/2"}],"replies":[{"embeddable":true,"href":"https:\/\/2804informa.com.ar\/index.php?rest_route=%2Fwp%2Fv2%2Fcomments&post=4355"}],"version-history":[{"count":1,"href":"https:\/\/2804informa.com.ar\/index.php?rest_route=\/wp\/v2\/posts\/4355\/revisions"}],"predecessor-version":[{"id":4357,"href":"https:\/\/2804informa.com.ar\/index.php?rest_route=\/wp\/v2\/posts\/4355\/revisions\/4357"}],"wp:featuredmedia":[{"embeddable":true,"href":"https:\/\/2804informa.com.ar\/index.php?rest_route=\/wp\/v2\/media\/4356"}],"wp:attachment":[{"href":"https:\/\/2804informa.com.ar\/index.php?rest_route=%2Fwp%2Fv2%2Fmedia&parent=4355"}],"wp:term":[{"taxonomy":"category","embeddable":true,"href":"https:\/\/2804informa.com.ar\/index.php?rest_route=%2Fwp%2Fv2%2Fcategories&post=4355"},{"taxonomy":"post_tag","embeddable":true,"href":"https:\/\/2804informa.com.ar\/index.php?rest_route=%2Fwp%2Fv2%2Ftags&post=4355"}],"curies":[{"name":"wp","href":"https:\/\/api.w.org\/{rel}","templated":true}]}}