{"id":4352,"date":"2026-04-27T12:20:00","date_gmt":"2026-04-27T15:20:00","guid":{"rendered":"https:\/\/2804informa.com.ar\/?p=4352"},"modified":"2026-04-27T12:45:11","modified_gmt":"2026-04-27T15:45:11","slug":"el-municipio-lanza-una-nueva-edicion-de-profesion-joven","status":"publish","type":"post","link":"https:\/\/2804informa.com.ar\/?p=4352","title":{"rendered":"El Municipio lanza una nueva edici\u00f3n de \u201cProfesi\u00f3n Joven\u201d"},"content":{"rendered":"<p style=\"font-weight: 400;\"><strong>Este programa de pr\u00e1cticas profesionalizantes para estudiantes universitarios y terciarios es impulsado por la Secretar\u00eda de Inclusi\u00f3n, Educaci\u00f3n y Cultura y apunta a acompa\u00f1ar a j\u00f3venes con experiencias y herramientas concretas para su desarrollo profesional y su futura inserci\u00f3n laboral.<\/strong><\/p>\n<p style=\"font-weight: 400;\">A trav\u00e9s de la Secretar\u00eda de Inclusi\u00f3n, Educaci\u00f3n y Cultura, el Municipio lanza una nueva edici\u00f3n del programa \u201cProfesi\u00f3n Joven\u201d, un programa de pr\u00e1cticas laborales para estudiantes universitarios y terciarios.<\/p>\n<p style=\"font-weight: 400;\">Se trata de una iniciativa orientada a apoyar y acompa\u00f1ar a j\u00f3venes con experiencias y herramientas concretas para favorecer su desarrollo profesional y\u00a0 su inserci\u00f3n en el mundo laboral, permiti\u00e9ndoles aplicar y profundizar los conocimientos adquiridos en \u00e1reas afines del Municipio.<\/p>\n<p style=\"font-weight: 400;\">El programa tendr\u00e1 una duraci\u00f3n de seis meses (de junio a diciembre de 2026) y est\u00e1 destinado a j\u00f3venes de 19 a 30 a\u00f1os que tengan residencia m\u00ednima de dos a\u00f1os en Campana. Los cupos son limitados.<\/p>\n<p style=\"font-weight: 400;\">La inscripci\u00f3n estar\u00e1 abierta del 27 de abril al 1\u00b0 de mayo y los interesados deber\u00e1n completar el formulario correspondiente de forma online ingresando al link:\u00a0<a href=\"https:\/\/forms.gle\/DZpcaZ7Y7BvMh4NG6\">https:\/\/forms.gle\/DZpcaZ7Y7BvMh4NG6<\/a>.<\/p>\n<p style=\"font-weight: 400;\">Entre los requisitos para la inscripci\u00f3n, se solicita presentar copia del anal\u00edtico y\/o libreta universitaria o terciaria, que acredite poseer el 20% (m\u00ednimo) de materias aprobadas, emitidos por la instituci\u00f3n; DNI (frente y dorso) y Curriculum Vitae (CV) en formato Word o PDF.<\/p>\n<p style=\"font-weight: 400;\">Los datos requeridos se tendr\u00e1n que enviar a:\u00a0<a href=\"mailto:direcciondelajuventud@campana.gov.ar\">direcciondelajuventud@campana.gov.ar<\/a><\/p>\n<p><span style=\"font-weight: 400;\">Las carreras incluidas\u00a0 en \u201cProfesi\u00f3n Joven 2026\u201d son: Abogac\u00eda, Actuario, Administraci\u00f3n P\u00fablica, Analista de Sistemas, Arquitectura, Community Manager, Comunicaci\u00f3n Social, Contador P\u00fablico, Dise\u00f1o de audio y video, Dise\u00f1o Multimedia, Gesti\u00f3n cultural, Ingenier\u00eda electromec\u00e1nica, Ingenier\u00eda en Sistemas de Informaci\u00f3n, Lic. en Recursos Humanos, Lic. en Trabajo Social, Lic. en Comunicaci\u00f3n, Lic. en psicolog\u00eda, Licenciatura en Administraci\u00f3n, Lic. en Seguridad e Higiene, Maestro mayor de obras, Marketing, Musicolog\u00eda, Periodismo, Prof. en electromec\u00e1nica, Profesorado de educaci\u00f3n f\u00edsica, Profesorado de canto, Profesorado de piano, Programaci\u00f3n, Publicidad, Tecnicatura en Minoridad y Familia, Tecnicatura en RRHH, T\u00e9cnico en inform\u00e1tica, T\u00e9cnico en recreaci\u00f3n y tiempo libre, y T\u00e9cnico o Lic. en Informaci\u00f3n Ambiental.<\/span><\/p>\n","protected":false},"excerpt":{"rendered":"<p>Este programa de pr\u00e1cticas profesionalizantes para estudiantes universitarios y terciarios es impulsado por la Secretar\u00eda de Inclusi\u00f3n, Educaci\u00f3n y Cultura y apunta a acompa\u00f1ar a j\u00f3venes con experiencias y herramientas concretas para su desarrollo profesional y su futura inserci\u00f3n laboral. A trav\u00e9s de la Secretar\u00eda de Inclusi\u00f3n, Educaci\u00f3n y Cultura, el Municipio lanza una nueva [&hellip;]<\/p>\n","protected":false},"author":2,"featured_media":4353,"comment_status":"closed","ping_status":"open","sticky":false,"template":"","format":"standard","meta":{"_eb_attr":"","footnotes":""},"categories":[1],"tags":[],"class_list":{"0":"post-4352","1":"post","2":"type-post","3":"status-publish","4":"format-standard","5":"has-post-thumbnail","7":"category-sin-categoria"},"aioseo_notices":[],"_links":{"self":[{"href":"https:\/\/2804informa.com.ar\/index.php?rest_route=\/wp\/v2\/posts\/4352","targetHints":{"allow":["GET"]}}],"collection":[{"href":"https:\/\/2804informa.com.ar\/index.php?rest_route=\/wp\/v2\/posts"}],"about":[{"href":"https:\/\/2804informa.com.ar\/index.php?rest_route=\/wp\/v2\/types\/post"}],"author":[{"embeddable":true,"href":"https:\/\/2804informa.com.ar\/index.php?rest_route=\/wp\/v2\/users\/2"}],"replies":[{"embeddable":true,"href":"https:\/\/2804informa.com.ar\/index.php?rest_route=%2Fwp%2Fv2%2Fcomments&post=4352"}],"version-history":[{"count":1,"href":"https:\/\/2804informa.com.ar\/index.php?rest_route=\/wp\/v2\/posts\/4352\/revisions"}],"predecessor-version":[{"id":4354,"href":"https:\/\/2804informa.com.ar\/index.php?rest_route=\/wp\/v2\/posts\/4352\/revisions\/4354"}],"wp:featuredmedia":[{"embeddable":true,"href":"https:\/\/2804informa.com.ar\/index.php?rest_route=\/wp\/v2\/media\/4353"}],"wp:attachment":[{"href":"https:\/\/2804informa.com.ar\/index.php?rest_route=%2Fwp%2Fv2%2Fmedia&parent=4352"}],"wp:term":[{"taxonomy":"category","embeddable":true,"href":"https:\/\/2804informa.com.ar\/index.php?rest_route=%2Fwp%2Fv2%2Fcategories&post=4352"},{"taxonomy":"post_tag","embeddable":true,"href":"https:\/\/2804informa.com.ar\/index.php?rest_route=%2Fwp%2Fv2%2Ftags&post=4352"}],"curies":[{"name":"wp","href":"https:\/\/api.w.org\/{rel}","templated":true}]}}