{"id":4349,"date":"2026-04-27T12:35:43","date_gmt":"2026-04-27T15:35:43","guid":{"rendered":"https:\/\/2804informa.com.ar\/?p=4349"},"modified":"2026-04-27T12:35:43","modified_gmt":"2026-04-27T15:35:43","slug":"banco-provincia-llega-a-la-feria-del-libro-con-beneficios-exclusivos-y-una-fuerte-propuesta-cultural","status":"publish","type":"post","link":"https:\/\/2804informa.com.ar\/?p=4349","title":{"rendered":"Banco Provincia llega a la Feria del Libro con beneficios exclusivos y una fuerte propuesta cultural"},"content":{"rendered":"<p><strong>Con una agenda que articula literatura, m\u00fasica, formaci\u00f3n y propuestas interactivas, la entidad se suma a uno de los eventos culturales m\u00e1s convocantes del pa\u00eds con una presencia integral. A trav\u00e9s de su stand y distintas actividades, ofrecer\u00e1 espacios de encuentro, difusi\u00f3n y participaci\u00f3n para el p\u00fablico, al tiempo que acercar\u00e1 herramientas y beneficios pensados para acompa\u00f1ar la experiencia de quienes visiten la Feria.<\/strong><\/p>\n<p>Banco Provincia tendr\u00e1 una participaci\u00f3n destacada en la 50\u00aa Feria Internacional del Libro de Buenos Aires como sponsor principal y exclusivo del rubro financiero, lo que reafirma su compromiso con la cultura y el acceso a propuestas de calidad para toda la comunidad.<\/p>\n<p>En su stand, ofrecer\u00e1 un espacio dedicado a la promoci\u00f3n y difusi\u00f3n del Gran Premio Banco Provincia de Literatura 2026, con la exhibici\u00f3n de los cuatro libros publicados en ediciones anteriores del certamen. Adem\u00e1s, se proyectar\u00e1n los audiocuentos de las obras ganadoras del a\u00f1o pasado y habr\u00e1 un rinc\u00f3n de escucha para disfrutar de estos contenidos. Todos los d\u00edas se realizar\u00e1n mateadas a las 15:00 y a las 18:00.<\/p>\n<p>La entidad financiera tendr\u00e1 tambi\u00e9n un espacio de difusi\u00f3n de su nueva campa\u00f1a de comunicaci\u00f3n: ba\u00f1o de inversi\u00f3n, donde las y los visitantes podr\u00e1n recibir atenci\u00f3n comercial personalizada y participar en juegos vinculados con la tem\u00e1tica de inversiones.<\/p>\n<p>El mi\u00e9rcoles 6 de mayo ser\u00e1 la Jornada Banco Provincia en la Feria. Ese d\u00eda, las y los clientes\/as de la banca p\u00fablica bonaerense podr\u00e1n ingresar gratis presentando sus tarjetas de Banco Provincia o la billetera digital Cuenta DNI.<\/p>\n<p>Durante la misma jornada, a las 17, se realizar\u00e1 una mateada literaria en el stand del Banco, con la participaci\u00f3n de la escritora Alejandra Kamiya, una de las tres integrantes del jurado del Gran Premio Banco Provincia de Literatura 2026 junto a Selva Almada y Federico Falco. M\u00e1s tarde, a las 20, la banca p\u00fablica bonaerense ofrecer\u00e1 un show de Iv\u00e1n Noble en la pista central de la Feria, uno de los espect\u00e1culos musicales previstos este a\u00f1o en el marco del 50\u00ba aniversario del encuentro editorial.<\/p>\n<p>Tambi\u00e9n ser\u00e1 parte de la muestra, Rico En Data, el curso de educaci\u00f3n financiera desarrollado por Banco Provincia en conjunto con la Direcci\u00f3n de Cultura y Educaci\u00f3n bonaerense destinado a estudiantes de tercer a\u00f1o de escuelas p\u00fablicas. Los lunes 27 de abril y 4 y 11 de mayo se brindar\u00e1 el curso en la sala Rodolfo Walsh, de 14.30 a 15.30.<\/p>\n<p>Por \u00faltimo, Banco Provincia auspiciar\u00e1 el Marat\u00f3n de Lectura 2026, que se realizar\u00e1 el martes 28 de abril, de 19 a 21 horas, en la Zona Futuro de la Feria. La actividad estar\u00e1 dedicada a libros y autores censurados durante la \u00faltima dictadura, muchos de ellos forzados al exilio o v\u00edctimas del terrorismo de Estado. Se trata de una lectura colectiva con guion y puesta esc\u00e9nica, acompa\u00f1ada al piano por Marcelo Katz, y con la participaci\u00f3n de escritores, editores, actores y directores teatrales. Entre las obras elegidas figuran Operaci\u00f3n Masacre de Rodolfo Walsh, poemas de Juan Gelman, Mascar\u00f3 de Haroldo Conti y El beso de la mujer ara\u00f1a de Manuel Puig, entre muchas otras, en un homenaje que conjuga literatura, memoria y democracia.<\/p>\n<p><strong>Descuentos especiales con los medios de pago del Banco<\/strong><\/p>\n<p>Durante toda la Feria, del 23 de abril al 11 de mayo de 2026, las personas usuarias de tarjetas de cr\u00e9dito Banco Provincia podr\u00e1n acceder a una promoci\u00f3n especial en la compra de libros en stand adheridos: 20% de ahorro y hasta 3 cuotas sin inter\u00e9s, con un 10% adicional para quienes paguen mediante NFC a trav\u00e9s de la billetera digital Cuenta DNI. El beneficio no tiene tope de reintegro.<\/p>\n<p>Adem\u00e1s, en el stand de la provincia de Buenos Aires habr\u00e1 25% de descuento con Cuenta DNI. El beneficio tiene un tope de $8.000 por persona durante toda la muestra y es para pagos con dinero en cuenta.<\/p>\n","protected":false},"excerpt":{"rendered":"<p>Con una agenda que articula literatura, m\u00fasica, formaci\u00f3n y propuestas interactivas, la entidad se suma a uno de los eventos culturales m\u00e1s convocantes del pa\u00eds con una presencia integral. A trav\u00e9s de su stand y distintas actividades, ofrecer\u00e1 espacios de encuentro, difusi\u00f3n y participaci\u00f3n para el p\u00fablico, al tiempo que acercar\u00e1 herramientas y beneficios pensados [&hellip;]<\/p>\n","protected":false},"author":2,"featured_media":4350,"comment_status":"closed","ping_status":"open","sticky":false,"template":"","format":"standard","meta":{"_eb_attr":"","footnotes":""},"categories":[8],"tags":[],"class_list":{"0":"post-4349","1":"post","2":"type-post","3":"status-publish","4":"format-standard","5":"has-post-thumbnail","7":"category-cultura"},"aioseo_notices":[],"_links":{"self":[{"href":"https:\/\/2804informa.com.ar\/index.php?rest_route=\/wp\/v2\/posts\/4349","targetHints":{"allow":["GET"]}}],"collection":[{"href":"https:\/\/2804informa.com.ar\/index.php?rest_route=\/wp\/v2\/posts"}],"about":[{"href":"https:\/\/2804informa.com.ar\/index.php?rest_route=\/wp\/v2\/types\/post"}],"author":[{"embeddable":true,"href":"https:\/\/2804informa.com.ar\/index.php?rest_route=\/wp\/v2\/users\/2"}],"replies":[{"embeddable":true,"href":"https:\/\/2804informa.com.ar\/index.php?rest_route=%2Fwp%2Fv2%2Fcomments&post=4349"}],"version-history":[{"count":1,"href":"https:\/\/2804informa.com.ar\/index.php?rest_route=\/wp\/v2\/posts\/4349\/revisions"}],"predecessor-version":[{"id":4351,"href":"https:\/\/2804informa.com.ar\/index.php?rest_route=\/wp\/v2\/posts\/4349\/revisions\/4351"}],"wp:featuredmedia":[{"embeddable":true,"href":"https:\/\/2804informa.com.ar\/index.php?rest_route=\/wp\/v2\/media\/4350"}],"wp:attachment":[{"href":"https:\/\/2804informa.com.ar\/index.php?rest_route=%2Fwp%2Fv2%2Fmedia&parent=4349"}],"wp:term":[{"taxonomy":"category","embeddable":true,"href":"https:\/\/2804informa.com.ar\/index.php?rest_route=%2Fwp%2Fv2%2Fcategories&post=4349"},{"taxonomy":"post_tag","embeddable":true,"href":"https:\/\/2804informa.com.ar\/index.php?rest_route=%2Fwp%2Fv2%2Ftags&post=4349"}],"curies":[{"name":"wp","href":"https:\/\/api.w.org\/{rel}","templated":true}]}}