{"id":4346,"date":"2026-04-27T12:33:49","date_gmt":"2026-04-27T15:33:49","guid":{"rendered":"https:\/\/2804informa.com.ar\/?p=4346"},"modified":"2026-04-27T12:33:49","modified_gmt":"2026-04-27T15:33:49","slug":"la-provincia-aumenta-30-sae-25-programas-y-duplica-asistencia","status":"publish","type":"post","link":"https:\/\/2804informa.com.ar\/?p=4346","title":{"rendered":"La Provincia aumenta 30% SAE, 25% programas y duplica asistencia"},"content":{"rendered":"<p><strong>Con el objetivo de sostener y ampliar la cobertura en un contexto de creciente demanda social, la Provincia de Buenos Aires dispuso una actualizaci\u00f3n de partidas clave destinadas a la alimentaci\u00f3n escolar, el acompa\u00f1amiento a municipios y el funcionamiento de programas sociales. La medida busca reforzar la asistencia a millones de bonaerenses, garantizar el acceso a prestaciones b\u00e1sicas y dar respuesta a un escenario econ\u00f3mico que impacta con mayor fuerza en los sectores m\u00e1s vulnerables<\/strong><\/p>\n<p>El gobierno de la provincia de Buenos Aires avanz\u00f3 con un conjunto de medidas orientadas a reforzar la red de contenci\u00f3n social, a partir de incrementos en el Servicio Alimentario Escolar, el fortalecimiento de la asistencia directa a los municipios y la actualizaci\u00f3n de distintos programas sociales que alcanzan a amplios sectores de la poblaci\u00f3n. Los anuncios fueron realizados por el ministro de Desarrollo de la Comunidad, Andr\u00e9s Larroque, quien enmarc\u00f3 la decisi\u00f3n en la necesidad de sostener la cobertura y garantizar el acceso a pol\u00edticas esenciales en un escenario de mayores exigencias sociales.<\/p>\n<p>El gobierno de la Provincia de Buenos Aires dispuso un aumento del 30% en el Servicio Alimentario Escolar (SAE) \u2014que alcanza a m\u00e1s de 2,5 millones de estudiantes\u2014 y un incremento del 25% en los principales programas sociales, junto con la duplicaci\u00f3n de la asistencia alimentaria a municipios.<\/p>\n<p>A pesar del retiro del Estado nacional y la presi\u00f3n financiera sobre las provincias, la gesti\u00f3n del gobernador Axel Kicillof implement\u00f3 una serie de medidas para fortalecer las pol\u00edticas sociales y alimentarias y sostener la cobertura en todo el territorio bonaerense, en un contexto atravesado por el deterioro de los indicadores sociales, la ca\u00edda del poder adquisitivo y el impacto de las pol\u00edticas de ajuste impulsadas por Javier Milei.<\/p>\n<p>En esa l\u00ednea, el ministro de Desarrollo de la Comunidad, Andr\u00e9s Larroque, anunci\u00f3 los aumentos y destac\u00f3 que, en el marco del contexto cr\u00edtico, \u201cla Provincia hace un enorme esfuerzo para optimizar los recursos y garantizar la seguridad alimentaria\u201d.<\/p>\n<p><strong>Aumentos anunciados<\/strong><\/p>\n<p>Como eje central, el gobierno bonaerense implementa tres medidas prioritarias:<\/p>\n<p>1) Fortalecimiento del Servicio Alimentario Escolar (SAE)<\/p>\n<p>La inversi\u00f3n mensual pasar\u00e1 de $41.000 millones a $54.000 millones, lo que representa un incremento del 30% y un presupuesto anual de $553.910 millones para garantizar desayuno, almuerzo y merienda en escuelas p\u00fablicas bonaerenses alcanzando a m\u00e1s de 2.500.000 estudiantes en toda la Provincia.<\/p>\n<p>2) Duplicaci\u00f3n de asistencia alimentaria a municipios<\/p>\n<p>Por medio del refuerzo del M\u00f3dulo Alimentario Territorial (MATE), se duplica la asistencia alimentaria a municipios, y se fortalece la respuesta directa, en articulaci\u00f3n con gobiernos locales y organizaciones comunitarias.<\/p>\n<p>3) Aumento de programas sociales<\/p>\n<p>El gobierno bonaerense incrementa en un 25% la inversi\u00f3n desde abril en los programas Unidades de Desarrollo Infantil (UDI), Centros Juveniles y Centros de Integraci\u00f3n Social (CIS). En tanto, el aumento del 25% para los programas Envi\u00f3n, REUNIR y Barrios Bonaerenses comenzar\u00e1 a regir desde mayo. Por \u00faltimo, desde julio tendr\u00e1n el mismo incremento las pol\u00edticas para personas mayores, discapacidad, M\u00e1s Vida, PAAC y PAAI (programas de acompa\u00f1amiento alimentario para personas cel\u00edacas y que viven con VIH). Con estos aumentos la inversi\u00f3n anual, en programas y pol\u00edticas que alcanzan a los sectores m\u00e1s vulnerables asciende a m\u00e1s de $182.000 millones.<\/p>\n<p>Las UDI est\u00e1n orientadas al cuidado y desarrollo de ni\u00f1as y ni\u00f1os desde los 45 d\u00edas hasta los 14 a\u00f1os; los Centros Juveniles brindan formaci\u00f3n y acompa\u00f1amiento a j\u00f3venes de 14 a 29 a\u00f1os; y los Centros de Integraci\u00f3n Social (CIS) est\u00e1n destinados a contener y albergar a personas en situaci\u00f3n de calle.<\/p>\n<p>Asimismo, se incluyen el programa Envi\u00f3n, dirigido a j\u00f3venes de 12 a 21 a\u00f1os en situaci\u00f3n de vulnerabilidad; REUNIR, que financia residencias para estudiantes universitarios y terciarios; los programas para personas con discapacidad \u2014que comprenden hogares, centros de d\u00eda, talleres protegidos, actividades ecuestres y dispositivos de vida en comunidad\u2014; y los destinados a personas mayores.<\/p>\n<p>Tambi\u00e9n forman parte del aumento el programa M\u00e1s Vida, orientado a personas gestantes, madres en per\u00edodo de lactancia y ni\u00f1as y ni\u00f1os desde los seis meses hasta el ingreso escolar; el PAAC y el PAAI, que brindan asistencia alimentaria a personas con celiaqu\u00eda y a quienes viven con VIH; y Barrios Bonaerenses, que promueve la inserci\u00f3n sociolaboral mediante formaci\u00f3n y capacitaci\u00f3n.<\/p>\n<p><strong>Reclamo a Naci\u00f3n y desfasaje en el financiamiento<\/strong><\/p>\n<p>En relaci\u00f3n al SAE, Larroque advirti\u00f3 sobre el deterioro del esquema de financiamiento nacional. \u201cHoy la Naci\u00f3n aporta apenas el 5,7% del total de la inversi\u00f3n en asistencia alimentaria y, en el caso del SAE, su participaci\u00f3n cay\u00f3 al 14,5%, muy lejos del 33% hist\u00f3rico. Adem\u00e1s, mantiene una deuda desde 2024 con la Provincia que asciende a $220 mil millones\u201d, se\u00f1al\u00f3 el ministro tras reclamar los fondos adeudados al gobierno nacional.<\/p>\n<p>Asimismo, detall\u00f3: \u201cEn 2025 pedimos $130 mil millones y se giraron $77 mil millones. Para 2026 solicitamos $177 mil millones y se prev\u00e9n apenas $80 mil millones, sin cronograma de pago. Esta situaci\u00f3n de asfixia financiera nos obliga a sostener el sistema con recursos propios\u201d.<\/p>\n<p>Las medidas forman parte de una reconfiguraci\u00f3n del esquema de asistencia social que la Provincia viene sosteniendo frente a un escenario cambiante. Con una mayor inversi\u00f3n y el refuerzo de los dispositivos existentes, la estrategia apunta a consolidar herramientas que permitan dar respuesta a las necesidades actuales y sostener el funcionamiento de los programas en el corto y mediano plazo.<\/p>\n","protected":false},"excerpt":{"rendered":"<p>Con el objetivo de sostener y ampliar la cobertura en un contexto de creciente demanda social, la Provincia de Buenos Aires dispuso una actualizaci\u00f3n de partidas clave destinadas a la alimentaci\u00f3n escolar, el acompa\u00f1amiento a municipios y el funcionamiento de programas sociales. La medida busca reforzar la asistencia a millones de bonaerenses, garantizar el acceso [&hellip;]<\/p>\n","protected":false},"author":2,"featured_media":4347,"comment_status":"closed","ping_status":"open","sticky":false,"template":"","format":"standard","meta":{"_eb_attr":"","footnotes":""},"categories":[9],"tags":[],"class_list":{"0":"post-4346","1":"post","2":"type-post","3":"status-publish","4":"format-standard","5":"has-post-thumbnail","7":"category-politica"},"aioseo_notices":[],"_links":{"self":[{"href":"https:\/\/2804informa.com.ar\/index.php?rest_route=\/wp\/v2\/posts\/4346","targetHints":{"allow":["GET"]}}],"collection":[{"href":"https:\/\/2804informa.com.ar\/index.php?rest_route=\/wp\/v2\/posts"}],"about":[{"href":"https:\/\/2804informa.com.ar\/index.php?rest_route=\/wp\/v2\/types\/post"}],"author":[{"embeddable":true,"href":"https:\/\/2804informa.com.ar\/index.php?rest_route=\/wp\/v2\/users\/2"}],"replies":[{"embeddable":true,"href":"https:\/\/2804informa.com.ar\/index.php?rest_route=%2Fwp%2Fv2%2Fcomments&post=4346"}],"version-history":[{"count":1,"href":"https:\/\/2804informa.com.ar\/index.php?rest_route=\/wp\/v2\/posts\/4346\/revisions"}],"predecessor-version":[{"id":4348,"href":"https:\/\/2804informa.com.ar\/index.php?rest_route=\/wp\/v2\/posts\/4346\/revisions\/4348"}],"wp:featuredmedia":[{"embeddable":true,"href":"https:\/\/2804informa.com.ar\/index.php?rest_route=\/wp\/v2\/media\/4347"}],"wp:attachment":[{"href":"https:\/\/2804informa.com.ar\/index.php?rest_route=%2Fwp%2Fv2%2Fmedia&parent=4346"}],"wp:term":[{"taxonomy":"category","embeddable":true,"href":"https:\/\/2804informa.com.ar\/index.php?rest_route=%2Fwp%2Fv2%2Fcategories&post=4346"},{"taxonomy":"post_tag","embeddable":true,"href":"https:\/\/2804informa.com.ar\/index.php?rest_route=%2Fwp%2Fv2%2Ftags&post=4346"}],"curies":[{"name":"wp","href":"https:\/\/api.w.org\/{rel}","templated":true}]}}