{"id":4343,"date":"2026-04-27T12:31:31","date_gmt":"2026-04-27T15:31:31","guid":{"rendered":"https:\/\/2804informa.com.ar\/?p=4343"},"modified":"2026-04-27T12:31:31","modified_gmt":"2026-04-27T15:31:31","slug":"mas-de-600-personas-se-vacunaron-contra-la-gripe","status":"publish","type":"post","link":"https:\/\/2804informa.com.ar\/?p=4343","title":{"rendered":"M\u00e1s de 600 personas se vacunaron contra la gripe"},"content":{"rendered":"<p style=\"font-weight: 400;\"><strong>El operativo fue organizado por la Secretar\u00eda de Salud del Municipio y tuvo como objetivo facilitar el acceso a la vacunaci\u00f3n de la comunidad.<\/strong><\/p>\n<p style=\"font-weight: 400;\">El Municipio realiz\u00f3 el jueves un operativo de vacunaci\u00f3n contra la gripe en la plaza Eduardo Costa, donde m\u00e1s de 600 vecinos recibieron su dosis.<\/p>\n<p style=\"font-weight: 400;\">La jornada fue organizada por la Secretar\u00eda de Salud del Municipio y tuvo como objetivo facilitar el acceso a la vacuna antigripal, especialmente en esta \u00e9poca del a\u00f1o donde aumentan los casos de enfermedades respiratorias.<\/p>\n<p style=\"font-weight: 400;\">Personal de la Direcci\u00f3n de Salud Comunitaria fue la encargada de aplicar la dosis a embarazadas, personal de salud, personas entre 14 a 64 a\u00f1os con factores de riesgo y a mayores de 65 a\u00f1os en general.<\/p>\n<p style=\"font-weight: 400;\">El intendente Sebasti\u00e1n Abella estuvo presente en la plaza central de la ciudad acompa\u00f1ando al equipo de salud y destac\u00f3 la importancia de que los vecinos accedan a la vacuna para cuidar su salud y la de toda la comunidad.<\/p>\n<p style=\"font-weight: 400;\">En la misma l\u00ednea, la responsable del \u00e1rea de Salud Comunitaria, Luciana Rodr\u00edguez C\u00e1nepa, se mostr\u00f3 feliz por la gran convocatoria de vecinos al tiempo que indic\u00f3 que \u201cla vacunaci\u00f3n es una herramienta clave para prevenir complicaciones graves derivadas de la gripe, reducir la circulaci\u00f3n del virus y proteger a la poblaci\u00f3n de riesgo\u201d.<\/p>\n<p><span style=\"font-weight: 400;\">Quienes todav\u00eda no se vacunaron contra la gripe podr\u00e1n acercarse al vacunatorio del Hospital San Jos\u00e9, de lunes a viernes de 8 a 15:30 y los s\u00e1bados de 8 a 11:30 horas; como as\u00ed tambi\u00e9n al Centro de Atenci\u00f3n Primaria de Salud (CAPS) del barrio Villanueva, de lunes a viernes de 8 a 16 y los s\u00e1bados de 8 a 11:30 horas.<\/span><\/p>\n","protected":false},"excerpt":{"rendered":"<p>El operativo fue organizado por la Secretar\u00eda de Salud del Municipio y tuvo como objetivo facilitar el acceso a la vacunaci\u00f3n de la comunidad. El Municipio realiz\u00f3 el jueves un operativo de vacunaci\u00f3n contra la gripe en la plaza Eduardo Costa, donde m\u00e1s de 600 vecinos recibieron su dosis. La jornada fue organizada por la [&hellip;]<\/p>\n","protected":false},"author":2,"featured_media":4344,"comment_status":"closed","ping_status":"open","sticky":false,"template":"","format":"standard","meta":{"_eb_attr":"","footnotes":""},"categories":[7],"tags":[],"class_list":{"0":"post-4343","1":"post","2":"type-post","3":"status-publish","4":"format-standard","5":"has-post-thumbnail","7":"category-salud"},"aioseo_notices":[],"_links":{"self":[{"href":"https:\/\/2804informa.com.ar\/index.php?rest_route=\/wp\/v2\/posts\/4343","targetHints":{"allow":["GET"]}}],"collection":[{"href":"https:\/\/2804informa.com.ar\/index.php?rest_route=\/wp\/v2\/posts"}],"about":[{"href":"https:\/\/2804informa.com.ar\/index.php?rest_route=\/wp\/v2\/types\/post"}],"author":[{"embeddable":true,"href":"https:\/\/2804informa.com.ar\/index.php?rest_route=\/wp\/v2\/users\/2"}],"replies":[{"embeddable":true,"href":"https:\/\/2804informa.com.ar\/index.php?rest_route=%2Fwp%2Fv2%2Fcomments&post=4343"}],"version-history":[{"count":1,"href":"https:\/\/2804informa.com.ar\/index.php?rest_route=\/wp\/v2\/posts\/4343\/revisions"}],"predecessor-version":[{"id":4345,"href":"https:\/\/2804informa.com.ar\/index.php?rest_route=\/wp\/v2\/posts\/4343\/revisions\/4345"}],"wp:featuredmedia":[{"embeddable":true,"href":"https:\/\/2804informa.com.ar\/index.php?rest_route=\/wp\/v2\/media\/4344"}],"wp:attachment":[{"href":"https:\/\/2804informa.com.ar\/index.php?rest_route=%2Fwp%2Fv2%2Fmedia&parent=4343"}],"wp:term":[{"taxonomy":"category","embeddable":true,"href":"https:\/\/2804informa.com.ar\/index.php?rest_route=%2Fwp%2Fv2%2Fcategories&post=4343"},{"taxonomy":"post_tag","embeddable":true,"href":"https:\/\/2804informa.com.ar\/index.php?rest_route=%2Fwp%2Fv2%2Ftags&post=4343"}],"curies":[{"name":"wp","href":"https:\/\/api.w.org\/{rel}","templated":true}]}}