{"id":4335,"date":"2026-04-27T12:28:14","date_gmt":"2026-04-27T15:28:14","guid":{"rendered":"https:\/\/2804informa.com.ar\/?p=4335"},"modified":"2026-04-27T12:28:14","modified_gmt":"2026-04-27T15:28:14","slug":"el-festival-de-teatro-consolido-a-campana-como-una-ciudad-referente-en-eventos-culturales","status":"publish","type":"post","link":"https:\/\/2804informa.com.ar\/?p=4335","title":{"rendered":"El Festival de Teatro consolid\u00f3 a Campana como una ciudad referente en eventos culturales"},"content":{"rendered":"<p style=\"font-weight: 400;\"><strong>Vecinos y visitantes disfrutaron de la propuesta que se desarroll\u00f3 a lo largo de fin de semana en el Teatro Pedro Barbero, con la participaci\u00f3n de destacadas obras y artistas locales y nacionales. \u201cTrabajamos constantemente para que la cultura crezca, se desarrolle y pueda ser vivida en la ciudad\u201d, remarc\u00f3 Elisa Abella.<\/strong><\/p>\n<p style=\"font-weight: 400;\">El \u00e9xito de la segunda edici\u00f3n del Festival de Teatro no solo ratific\u00f3 al evento en la agenda de la ciudad, sino que tambi\u00e9n afianz\u00f3 el perfil cultural que Campana construy\u00f3 con la gesti\u00f3n del intendente Sebasti\u00e1n Abella a partir de diferentes propuestas que la consolidaron como un referente regional.<\/p>\n<p style=\"font-weight: 400;\">Desde la tradicional Fiesta del Autom\u00f3vil a la Feria del Libro, pasando tambi\u00e9n por el Festival de Tango y muchos otros eventos, Campana cuenta con cada vez m\u00e1s atractivos que convocan a vecinos y visitantes a disfrutar de la ciudad y su cultura.<\/p>\n<p style=\"font-weight: 400;\">\u201cTrabajamos mucho para que la cultura crezca, se desarrolle y pueda ser vivida en la ciudad. Sabemos el impacto positivo que esto tiene en la comunidad y lo trabajamos desde diferentes \u00e1mbitos, brindando diferentes propuestas culturales gratuitas como as\u00ed tambi\u00e9n mejorando los espacios y la infraestructura del \u00e1rea\u201d, explic\u00f3 la secretaria de Inclusi\u00f3n, Educaci\u00f3n y Cultura, Elisa Abella.<\/p>\n<p style=\"font-weight: 400;\">Justamente, la renovaci\u00f3n y remodelaci\u00f3n del Teatro Pedro Barbero y de todo el Edificio 6 de Julio impulsada por la gesti\u00f3n Abella posibilit\u00f3 que Campana cuente con un espacio acorde para desarrollar el Festival de Teatro. Y eso en s\u00ed mismo ya es un atractivo que convoca.<\/p>\n<p style=\"font-weight: 400;\">\u201cNos encant\u00f3 el evento, porque no hay otra propuesta as\u00ed en la zona, porque se puede disfrutar en familia con obras para todos y porque tambi\u00e9n nos permiti\u00f3 conocer y pasar una linda jornada en este teatro que est\u00e1 hermoso\u201d, destac\u00f3 Laura sobre su experiencia en el Festival.<\/p>\n<p style=\"font-weight: 400;\">Este a\u00f1o, la propuesta cont\u00f3 con \u201cIrreverentes\u201d, de Jos\u00e9 Mar\u00eda Muscari; con \u201cYepeto\u201d y la actuaci\u00f3n de Roly Serrano; con obras de teatro breve protagonizadas por Anita Mart\u00ednez, Marcelo Mazzarello, Laura Cymer y Lucas Crespi; con teatro improvisado por Miguel Fo; y con obras de reconocidos artistas de la ciudad como Gustavo Dappiano, Hern\u00e1n Casanova y Javier Marizaldi.<\/p>\n\r\n                <style type=\"text\/css\">\r\n                    \r\n                    #tdi_1  .td-doubleSlider-2 .td-item1 {\r\n                        background: url(https:\/\/2804informa.com.ar\/wp-content\/uploads\/2026\/04\/Frankestein-30-80x60.jpg) 0 0 no-repeat;\r\n                    }\r\n                    #tdi_1  .td-doubleSlider-2 .td-item2 {\r\n                        background: url(https:\/\/2804informa.com.ar\/wp-content\/uploads\/2026\/04\/Frankestein-6-80x60.jpg) 0 0 no-repeat;\r\n                    }\r\n                    #tdi_1  .td-doubleSlider-2 .td-item3 {\r\n                        background: url(https:\/\/2804informa.com.ar\/wp-content\/uploads\/2026\/04\/1-80x60.jpg) 0 0 no-repeat;\r\n                    }\r\n                    #tdi_1  .td-doubleSlider-2 .td-item4 {\r\n                        background: url(https:\/\/2804informa.com.ar\/wp-content\/uploads\/2026\/04\/3-80x60.jpg) 0 0 no-repeat;\r\n                    }\r\n                    #tdi_1  .td-doubleSlider-2 .td-item5 {\r\n                        background: url(https:\/\/2804informa.com.ar\/wp-content\/uploads\/2026\/04\/2-80x60.jpg) 0 0 no-repeat;\r\n                    }\r\n                <\/style>\r\n\r\n                <div id=\"tdi_1\" class=\"td-gallery td-slide-on-2-columns\">\r\n                    <div class=\"post_td_gallery\">\r\n                        <div class=\"td-gallery-slide-top\">\r\n                           <div class=\"td-gallery-title\"><\/div>\r\n\r\n                            <div class=\"td-gallery-controls-wrapper\">\r\n                                <div class=\"td-gallery-slide-count\"><span class=\"td-gallery-slide-item-focus\">1<\/span> de 5<\/div>\r\n                                <div class=\"td-gallery-slide-prev-next-but\">\r\n                                    <i class = \"td-icon-left doubleSliderPrevButton\"><\/i>\r\n                                    <i class = \"td-icon-right doubleSliderNextButton\"><\/i>\r\n                                <\/div>\r\n                            <\/div>\r\n                        <\/div>\r\n\r\n                        <div class = \"td-doubleSlider-1 \">\r\n                            <div class = \"td-slider\">\r\n                                \r\n                    <div class = \"td-slide-item td-item1\">\r\n                        <figure class=\"td-slide-galery-figure td-slide-popup-gallery\">\r\n                            <a class=\"slide-gallery-image-link\" href=\"https:\/\/2804informa.com.ar\/wp-content\/uploads\/2026\/04\/Frankestein-30.jpg\" title=\"Frankestein (30)\"  data-caption=\"\"  data-description=\"\">\r\n                                <img decoding=\"async\" src=\"https:\/\/2804informa.com.ar\/wp-content\/uploads\/2026\/04\/Frankestein-30-629x420.jpg\" srcset=\"https:\/\/2804informa.com.ar\/wp-content\/uploads\/2026\/04\/Frankestein-30-629x420.jpg 629w, https:\/\/2804informa.com.ar\/wp-content\/uploads\/2026\/04\/Frankestein-30-300x200.jpg 300w, https:\/\/2804informa.com.ar\/wp-content\/uploads\/2026\/04\/Frankestein-30-1024x684.jpg 1024w, https:\/\/2804informa.com.ar\/wp-content\/uploads\/2026\/04\/Frankestein-30-768x513.jpg 768w, https:\/\/2804informa.com.ar\/wp-content\/uploads\/2026\/04\/Frankestein-30-1536x1026.jpg 1536w, https:\/\/2804informa.com.ar\/wp-content\/uploads\/2026\/04\/Frankestein-30-696x465.jpg 696w, https:\/\/2804informa.com.ar\/wp-content\/uploads\/2026\/04\/Frankestein-30-1068x713.jpg 1068w, https:\/\/2804informa.com.ar\/wp-content\/uploads\/2026\/04\/Frankestein-30-1920x1282.jpg 1920w, https:\/\/2804informa.com.ar\/wp-content\/uploads\/2026\/04\/Frankestein-30.jpg 2022w\" sizes=\"(max-width: 629px) 100vw, 629px\" alt=\"\">\r\n                            <\/a>\r\n                            \r\n                        <\/figure>\r\n                    <\/div>\r\n                    <div class = \"td-slide-item td-item2\">\r\n                        <figure class=\"td-slide-galery-figure td-slide-popup-gallery\">\r\n                            <a class=\"slide-gallery-image-link\" href=\"https:\/\/2804informa.com.ar\/wp-content\/uploads\/2026\/04\/Frankestein-6.jpg\" title=\"Frankestein (6)\"  data-caption=\"\"  data-description=\"\">\r\n                                <img decoding=\"async\" src=\"https:\/\/2804informa.com.ar\/wp-content\/uploads\/2026\/04\/Frankestein-6-629x420.jpg\" srcset=\"https:\/\/2804informa.com.ar\/wp-content\/uploads\/2026\/04\/Frankestein-6-629x420.jpg 629w, https:\/\/2804informa.com.ar\/wp-content\/uploads\/2026\/04\/Frankestein-6-300x200.jpg 300w, https:\/\/2804informa.com.ar\/wp-content\/uploads\/2026\/04\/Frankestein-6-1024x684.jpg 1024w, https:\/\/2804informa.com.ar\/wp-content\/uploads\/2026\/04\/Frankestein-6-768x513.jpg 768w, https:\/\/2804informa.com.ar\/wp-content\/uploads\/2026\/04\/Frankestein-6-1536x1026.jpg 1536w, https:\/\/2804informa.com.ar\/wp-content\/uploads\/2026\/04\/Frankestein-6-696x465.jpg 696w, https:\/\/2804informa.com.ar\/wp-content\/uploads\/2026\/04\/Frankestein-6-1068x713.jpg 1068w, https:\/\/2804informa.com.ar\/wp-content\/uploads\/2026\/04\/Frankestein-6-1920x1282.jpg 1920w, https:\/\/2804informa.com.ar\/wp-content\/uploads\/2026\/04\/Frankestein-6.jpg 2022w\" sizes=\"(max-width: 629px) 100vw, 629px\" alt=\"\">\r\n                            <\/a>\r\n                            \r\n                        <\/figure>\r\n                    <\/div>\r\n                    <div class = \"td-slide-item td-item3\">\r\n                        <figure class=\"td-slide-galery-figure td-slide-popup-gallery\">\r\n                            <a class=\"slide-gallery-image-link\" href=\"https:\/\/2804informa.com.ar\/wp-content\/uploads\/2026\/04\/1-scaled.jpg\" title=\"1\"  data-caption=\"\"  data-description=\"\">\r\n                                <img decoding=\"async\" src=\"https:\/\/2804informa.com.ar\/wp-content\/uploads\/2026\/04\/1-630x420.jpg\" srcset=\"https:\/\/2804informa.com.ar\/wp-content\/uploads\/2026\/04\/1-630x420.jpg 630w, https:\/\/2804informa.com.ar\/wp-content\/uploads\/2026\/04\/1-300x200.jpg 300w, https:\/\/2804informa.com.ar\/wp-content\/uploads\/2026\/04\/1-1024x683.jpg 1024w, https:\/\/2804informa.com.ar\/wp-content\/uploads\/2026\/04\/1-768x512.jpg 768w, https:\/\/2804informa.com.ar\/wp-content\/uploads\/2026\/04\/1-1536x1024.jpg 1536w, https:\/\/2804informa.com.ar\/wp-content\/uploads\/2026\/04\/1-2048x1365.jpg 2048w, https:\/\/2804informa.com.ar\/wp-content\/uploads\/2026\/04\/1-696x464.jpg 696w, https:\/\/2804informa.com.ar\/wp-content\/uploads\/2026\/04\/1-1068x712.jpg 1068w, https:\/\/2804informa.com.ar\/wp-content\/uploads\/2026\/04\/1-1920x1280.jpg 1920w\" sizes=\"(max-width: 630px) 100vw, 630px\" alt=\"\">\r\n                            <\/a>\r\n                            \r\n                        <\/figure>\r\n                    <\/div>\r\n                    <div class = \"td-slide-item td-item4\">\r\n                        <figure class=\"td-slide-galery-figure td-slide-popup-gallery\">\r\n                            <a class=\"slide-gallery-image-link\" href=\"https:\/\/2804informa.com.ar\/wp-content\/uploads\/2026\/04\/3-scaled.jpg\" title=\"3\"  data-caption=\"\"  data-description=\"\">\r\n                                <img decoding=\"async\" src=\"https:\/\/2804informa.com.ar\/wp-content\/uploads\/2026\/04\/3-630x420.jpg\" srcset=\"https:\/\/2804informa.com.ar\/wp-content\/uploads\/2026\/04\/3-630x420.jpg 630w, https:\/\/2804informa.com.ar\/wp-content\/uploads\/2026\/04\/3-300x200.jpg 300w, https:\/\/2804informa.com.ar\/wp-content\/uploads\/2026\/04\/3-1024x683.jpg 1024w, https:\/\/2804informa.com.ar\/wp-content\/uploads\/2026\/04\/3-768x512.jpg 768w, https:\/\/2804informa.com.ar\/wp-content\/uploads\/2026\/04\/3-1536x1024.jpg 1536w, https:\/\/2804informa.com.ar\/wp-content\/uploads\/2026\/04\/3-2048x1365.jpg 2048w, https:\/\/2804informa.com.ar\/wp-content\/uploads\/2026\/04\/3-696x464.jpg 696w, https:\/\/2804informa.com.ar\/wp-content\/uploads\/2026\/04\/3-1068x712.jpg 1068w, https:\/\/2804informa.com.ar\/wp-content\/uploads\/2026\/04\/3-1920x1280.jpg 1920w\" sizes=\"(max-width: 630px) 100vw, 630px\" alt=\"\">\r\n                            <\/a>\r\n                            \r\n                        <\/figure>\r\n                    <\/div>\r\n                    <div class = \"td-slide-item td-item5\">\r\n                        <figure class=\"td-slide-galery-figure td-slide-popup-gallery\">\r\n                            <a class=\"slide-gallery-image-link\" href=\"https:\/\/2804informa.com.ar\/wp-content\/uploads\/2026\/04\/2-scaled.jpg\" title=\"2\"  data-caption=\"\"  data-description=\"\">\r\n                                <img decoding=\"async\" src=\"https:\/\/2804informa.com.ar\/wp-content\/uploads\/2026\/04\/2-630x420.jpg\" srcset=\"https:\/\/2804informa.com.ar\/wp-content\/uploads\/2026\/04\/2-630x420.jpg 630w, https:\/\/2804informa.com.ar\/wp-content\/uploads\/2026\/04\/2-300x200.jpg 300w, https:\/\/2804informa.com.ar\/wp-content\/uploads\/2026\/04\/2-1024x683.jpg 1024w, https:\/\/2804informa.com.ar\/wp-content\/uploads\/2026\/04\/2-768x512.jpg 768w, https:\/\/2804informa.com.ar\/wp-content\/uploads\/2026\/04\/2-1536x1024.jpg 1536w, https:\/\/2804informa.com.ar\/wp-content\/uploads\/2026\/04\/2-2048x1365.jpg 2048w, https:\/\/2804informa.com.ar\/wp-content\/uploads\/2026\/04\/2-696x464.jpg 696w, https:\/\/2804informa.com.ar\/wp-content\/uploads\/2026\/04\/2-1068x712.jpg 1068w, https:\/\/2804informa.com.ar\/wp-content\/uploads\/2026\/04\/2-1920x1280.jpg 1920w\" sizes=\"(max-width: 630px) 100vw, 630px\" alt=\"\">\r\n                            <\/a>\r\n                            \r\n                        <\/figure>\r\n                    <\/div>\r\n                            <\/div>\r\n                        <\/div>\r\n\r\n                        <div class = \"td-doubleSlider-2\">\r\n                            <div class = \"td-slider\">\r\n                                \r\n                    <div class = \"td-button td-item1\">\r\n                        <div class = \"td-border\"><\/div>\r\n                    <\/div>\r\n                    <div class = \"td-button td-item2\">\r\n                        <div class = \"td-border\"><\/div>\r\n                    <\/div>\r\n                    <div class = \"td-button td-item3\">\r\n                        <div class = \"td-border\"><\/div>\r\n                    <\/div>\r\n                    <div class = \"td-button td-item4\">\r\n                        <div class = \"td-border\"><\/div>\r\n                    <\/div>\r\n                    <div class = \"td-button td-item5\">\r\n                        <div class = \"td-border\"><\/div>\r\n                    <\/div>\r\n                            <\/div>\r\n                        <\/div>\r\n\r\n                    <\/div>\r\n\r\n                <\/div>\r\n                \n<p style=\"font-weight: 400;\">Adem\u00e1s, hubo recorridas guiadas para conocer la historia del Teatro Pedro Barbero y tambi\u00e9n dijeron presentes food trucks y cafeter\u00edas para que la experiencia sea completa y se pueda combinar con buena gastronom\u00eda local.<\/p>\n<p style=\"font-weight: 400;\">\u201cVivimos dos jornadas espectaculares en las que pudimos disfrutar del teatro, celebrar el talento de grandes artistas y conectar con todas las emociones que nos transmitieron desde el escenario en cada una de las obras. Y todo ac\u00e1 en nuestra ciudad\u201d, cerr\u00f3 Elisa Abella.<\/p>\n","protected":false},"excerpt":{"rendered":"<p>Vecinos y visitantes disfrutaron de la propuesta que se desarroll\u00f3 a lo largo de fin de semana en el Teatro Pedro Barbero, con la participaci\u00f3n de destacadas obras y artistas locales y nacionales. \u201cTrabajamos constantemente para que la cultura crezca, se desarrolle y pueda ser vivida en la ciudad\u201d, remarc\u00f3 Elisa Abella. El \u00e9xito de [&hellip;]<\/p>\n","protected":false},"author":2,"featured_media":4336,"comment_status":"closed","ping_status":"open","sticky":false,"template":"","format":"standard","meta":{"_eb_attr":"","footnotes":""},"categories":[5],"tags":[],"class_list":{"0":"post-4335","1":"post","2":"type-post","3":"status-publish","4":"format-standard","5":"has-post-thumbnail","7":"category-sociedad"},"aioseo_notices":[],"_links":{"self":[{"href":"https:\/\/2804informa.com.ar\/index.php?rest_route=\/wp\/v2\/posts\/4335","targetHints":{"allow":["GET"]}}],"collection":[{"href":"https:\/\/2804informa.com.ar\/index.php?rest_route=\/wp\/v2\/posts"}],"about":[{"href":"https:\/\/2804informa.com.ar\/index.php?rest_route=\/wp\/v2\/types\/post"}],"author":[{"embeddable":true,"href":"https:\/\/2804informa.com.ar\/index.php?rest_route=\/wp\/v2\/users\/2"}],"replies":[{"embeddable":true,"href":"https:\/\/2804informa.com.ar\/index.php?rest_route=%2Fwp%2Fv2%2Fcomments&post=4335"}],"version-history":[{"count":1,"href":"https:\/\/2804informa.com.ar\/index.php?rest_route=\/wp\/v2\/posts\/4335\/revisions"}],"predecessor-version":[{"id":4342,"href":"https:\/\/2804informa.com.ar\/index.php?rest_route=\/wp\/v2\/posts\/4335\/revisions\/4342"}],"wp:featuredmedia":[{"embeddable":true,"href":"https:\/\/2804informa.com.ar\/index.php?rest_route=\/wp\/v2\/media\/4336"}],"wp:attachment":[{"href":"https:\/\/2804informa.com.ar\/index.php?rest_route=%2Fwp%2Fv2%2Fmedia&parent=4335"}],"wp:term":[{"taxonomy":"category","embeddable":true,"href":"https:\/\/2804informa.com.ar\/index.php?rest_route=%2Fwp%2Fv2%2Fcategories&post=4335"},{"taxonomy":"post_tag","embeddable":true,"href":"https:\/\/2804informa.com.ar\/index.php?rest_route=%2Fwp%2Fv2%2Ftags&post=4335"}],"curies":[{"name":"wp","href":"https:\/\/api.w.org\/{rel}","templated":true}]}}