{"id":4332,"date":"2026-04-27T12:21:38","date_gmt":"2026-04-27T15:21:38","guid":{"rendered":"https:\/\/2804informa.com.ar\/?p=4332"},"modified":"2026-04-27T12:21:38","modified_gmt":"2026-04-27T15:21:38","slug":"franco-llanes-en-racha-positiva","status":"publish","type":"post","link":"https:\/\/2804informa.com.ar\/?p=4332","title":{"rendered":"Franco Llanes, en racha positiva"},"content":{"rendered":"<p>El boxeador campanense Franco Llanes volvi\u00f3 a destacarse en San Fernando, donde logr\u00f3 una nueva victoria en un evento fiscalizado por la Federaci\u00f3n Argentina de Box, tras enfrentar a un exigente rival.<\/p>\n<p>Este resultado se suma a su presentaci\u00f3n del fin de semana anterior, en la que tambi\u00e9n hab\u00eda dejado una muy buena imagen, confirmando su crecimiento sostenido arriba del ring y su proyecci\u00f3n dentro del deporte.<\/p>\n<p>Llanes entrena desde hace tiempo en el Team Bogao y, en paralelo, se desempe\u00f1a como barbero en \u201cLa Principal\u201d, en el barrio San Cayetano, combinando su trabajo diario con la disciplina y el compromiso que exige el boxeo.<\/p>\n<p>Con esfuerzo, constancia y objetivos claros, el joven p\u00fagil contin\u00faa consolidando su camino, sumando experiencia frente a rivales de nivel y afianzando su presente deportivo.<\/p>\n","protected":false},"excerpt":{"rendered":"<p>El boxeador campanense Franco Llanes volvi\u00f3 a destacarse en San Fernando, donde logr\u00f3 una nueva victoria en un evento fiscalizado por la Federaci\u00f3n Argentina de Box, tras enfrentar a un exigente rival. Este resultado se suma a su presentaci\u00f3n del fin de semana anterior, en la que tambi\u00e9n hab\u00eda dejado una muy buena imagen, confirmando [&hellip;]<\/p>\n","protected":false},"author":2,"featured_media":4333,"comment_status":"closed","ping_status":"open","sticky":false,"template":"","format":"standard","meta":{"_eb_attr":"","footnotes":""},"categories":[6],"tags":[],"class_list":{"0":"post-4332","1":"post","2":"type-post","3":"status-publish","4":"format-standard","5":"has-post-thumbnail","7":"category-deportes"},"aioseo_notices":[],"_links":{"self":[{"href":"https:\/\/2804informa.com.ar\/index.php?rest_route=\/wp\/v2\/posts\/4332","targetHints":{"allow":["GET"]}}],"collection":[{"href":"https:\/\/2804informa.com.ar\/index.php?rest_route=\/wp\/v2\/posts"}],"about":[{"href":"https:\/\/2804informa.com.ar\/index.php?rest_route=\/wp\/v2\/types\/post"}],"author":[{"embeddable":true,"href":"https:\/\/2804informa.com.ar\/index.php?rest_route=\/wp\/v2\/users\/2"}],"replies":[{"embeddable":true,"href":"https:\/\/2804informa.com.ar\/index.php?rest_route=%2Fwp%2Fv2%2Fcomments&post=4332"}],"version-history":[{"count":1,"href":"https:\/\/2804informa.com.ar\/index.php?rest_route=\/wp\/v2\/posts\/4332\/revisions"}],"predecessor-version":[{"id":4334,"href":"https:\/\/2804informa.com.ar\/index.php?rest_route=\/wp\/v2\/posts\/4332\/revisions\/4334"}],"wp:featuredmedia":[{"embeddable":true,"href":"https:\/\/2804informa.com.ar\/index.php?rest_route=\/wp\/v2\/media\/4333"}],"wp:attachment":[{"href":"https:\/\/2804informa.com.ar\/index.php?rest_route=%2Fwp%2Fv2%2Fmedia&parent=4332"}],"wp:term":[{"taxonomy":"category","embeddable":true,"href":"https:\/\/2804informa.com.ar\/index.php?rest_route=%2Fwp%2Fv2%2Fcategories&post=4332"},{"taxonomy":"post_tag","embeddable":true,"href":"https:\/\/2804informa.com.ar\/index.php?rest_route=%2Fwp%2Fv2%2Ftags&post=4332"}],"curies":[{"name":"wp","href":"https:\/\/api.w.org\/{rel}","templated":true}]}}