{"id":4329,"date":"2026-04-27T12:17:08","date_gmt":"2026-04-27T15:17:08","guid":{"rendered":"https:\/\/2804informa.com.ar\/?p=4329"},"modified":"2026-04-27T12:17:08","modified_gmt":"2026-04-27T15:17:08","slug":"hebe-linda-andurell-una-vida-dedicada-a-la-escritura-fue-distinguida-como-escritora-ilustre-y-sumo-nuevos-reconocimientos","status":"publish","type":"post","link":"https:\/\/2804informa.com.ar\/?p=4329","title":{"rendered":"Hebe Linda Andurell, una vida dedicada a la escritura: fue distinguida como \u201cEscritora Ilustre\u201d y sum\u00f3 nuevos reconocimientos"},"content":{"rendered":"<p><strong>La escritora campanense Hebe Linda Andurell contin\u00faa consolidando su camino en el mundo de las letras con nuevos e importantes reconocimientos. Este fin de semana, en el marco del 23\u00b0 Certamen Nacional y de Pa\u00edses de Am\u00e9rica del Sur, fue distinguida por su trayectoria, recibiendo dos Menciones de Honor y una Menci\u00f3n Especial, adem\u00e1s de ser nombrada \u201cEscritora Ilustre\u201d.<\/strong><\/p>\n<p>\u201cMe entregaron tres menciones, dos de Honor y una Especial\u2026 s\u00e9 que es mucho decir, yo solo estoy aprendiendo\u201d, expres\u00f3, reflejando la humildad que la caracteriza a pesar de su extensa trayectoria.<\/p>\n<p>Su historia personal est\u00e1 profundamente ligada a la escritura, pero tambi\u00e9n a la superaci\u00f3n. \u201cEn casa \u00e9ramos cinco personas y de pronto qued\u00e9 sola, al borde de la depresi\u00f3n\u201d, record\u00f3. Fue en ese contexto que en 2010 decidi\u00f3 comenzar un taller literario, dando un paso que cambiar\u00eda su vida. Ese mismo a\u00f1o, durante un viaje, se anim\u00f3 a participar en un certamen en Los Toldos: \u201cMe anim\u00e9 a hacerlo, fue la primera vez que participe y obtuve un premio\u201d.<\/p>\n<p>A partir de all\u00ed, su recorrido no se detuvo. Particip\u00f3 en cert\u00e1menes en distintas ciudades del pa\u00eds como Henderson, San Lorenzo, Ayacucho, R\u00edo Cuarto, Merlo, Carlos Tejedor, Carlos Casares, Santa Cruz y Jun\u00edn, entre otras, adem\u00e1s de sumar experiencias internacionales en Italia y Madrid. Tambi\u00e9n fue seleccionada en el certamen de ANSES \u201cRespeto es amor\u201d, siendo la \u00fanica elegida de la zona, con su obra publicada en una antolog\u00eda virtual.<\/p>\n<p>Autora del libro \u201cRecodos del Alma\u201d, logr\u00f3 uno de los hitos m\u00e1s importantes de su carrera al incorporar su obra a la Biblioteca Gabriel Garc\u00eda M\u00e1rquez. La experiencia ocurri\u00f3 durante su \u00faltimo viaje a Europa, a fines de 2024, posible gracias al acompa\u00f1amiento de su familia. \u201cTuve la inmensa fortuna, debido a una iniciativa de mi hija Marisa, de visitar la biblioteca. Fui con mi libro en mano y lo ofrec\u00ed en donaci\u00f3n\u201d, cont\u00f3.<\/p>\n<p>El proceso implic\u00f3 evaluaciones y entrevistas hasta recibir la confirmaci\u00f3n final. \u201cLuego de cuatro entrevistas, el director me anunci\u00f3 que pasar\u00eda a ocupar los cat\u00e1logos e integrar\u00eda la biblioteca itinerante\u2026 fue una emoci\u00f3n muy grande que me tuvo llorando dos d\u00edas sin parar\u201d, relat\u00f3. En ese mismo viaje, su hijo Esteban tuvo un rol fundamental: fue quien le regal\u00f3 el pasaje que le permiti\u00f3 concretar esta experiencia \u00fanica.<\/p>\n<p>Su obra no solo trascendi\u00f3 fronteras, sino que tambi\u00e9n fue reconocida a nivel local: \u201cRecodos del Alma\u201d fue declarado de inter\u00e9s legislativo en Campana y hoy se encuentra en distintas bibliotecas, incluyendo la de su escuela primaria N\u00b07 de Los Toldos, la Biblioteca Nacional, universidades de Colombia e incluso la Base Ant\u00e1rtica Marambio.<\/p>\n<p>Adem\u00e1s de su faceta como escritora, Andurell mantiene una intensa vida cultural. Ella misma define sus pasiones como \u201ctres berretines\u201d, en referencia a la pel\u00edcula Los tres berretines: el cine argentino \u2014con casi dos mil pel\u00edculas vistas y registradas\u2014, el coro \u201cHonrando la Vida\u201d, con el que ha participado en distintas ciudades e incluso en Bienvenidos a bordo, y la escritura, actividad que sostiene a diario.<\/p>\n<p>Hace 16 a\u00f1os integra el espacio Campana Amanecer Literario, al que lleg\u00f3 impulsada por su cu\u00f1ado, el poeta Ra\u00fal Berra: \u201cMe hizo descubrir un mundo del que sab\u00eda poco\u201d, destac\u00f3.<\/p>\n<p>Actualmente, se encuentra trabajando en un nuevo proyecto: la biograf\u00eda de la m\u00fasica Eva M\u00e9ndez, quien ha desarrollado una destacada carrera en escenarios nacionales e internacionales, incluyendo el Teatro Col\u00f3n. \u201cTuve la suerte de que me convocara para hacerlo\u201d, se\u00f1al\u00f3, con la expectativa de futuras presentaciones en distintos espacios culturales.<\/p>\n<p>Con una vida atravesada por el arte, la constancia y la pasi\u00f3n, Hebe Linda Andurell contin\u00faa escribiendo su propia historia, llevando el nombre de Campana m\u00e1s all\u00e1 de sus fronteras y demostrando que nunca es tarde para empezar.<\/p>\n","protected":false},"excerpt":{"rendered":"<p>La escritora campanense Hebe Linda Andurell contin\u00faa consolidando su camino en el mundo de las letras con nuevos e importantes reconocimientos. Este fin de semana, en el marco del 23\u00b0 Certamen Nacional y de Pa\u00edses de Am\u00e9rica del Sur, fue distinguida por su trayectoria, recibiendo dos Menciones de Honor y una Menci\u00f3n Especial, adem\u00e1s de [&hellip;]<\/p>\n","protected":false},"author":2,"featured_media":4330,"comment_status":"closed","ping_status":"open","sticky":false,"template":"","format":"standard","meta":{"_eb_attr":"","footnotes":""},"categories":[38],"tags":[],"class_list":{"0":"post-4329","1":"post","2":"type-post","3":"status-publish","4":"format-standard","5":"has-post-thumbnail","7":"category-educacion"},"aioseo_notices":[],"_links":{"self":[{"href":"https:\/\/2804informa.com.ar\/index.php?rest_route=\/wp\/v2\/posts\/4329","targetHints":{"allow":["GET"]}}],"collection":[{"href":"https:\/\/2804informa.com.ar\/index.php?rest_route=\/wp\/v2\/posts"}],"about":[{"href":"https:\/\/2804informa.com.ar\/index.php?rest_route=\/wp\/v2\/types\/post"}],"author":[{"embeddable":true,"href":"https:\/\/2804informa.com.ar\/index.php?rest_route=\/wp\/v2\/users\/2"}],"replies":[{"embeddable":true,"href":"https:\/\/2804informa.com.ar\/index.php?rest_route=%2Fwp%2Fv2%2Fcomments&post=4329"}],"version-history":[{"count":1,"href":"https:\/\/2804informa.com.ar\/index.php?rest_route=\/wp\/v2\/posts\/4329\/revisions"}],"predecessor-version":[{"id":4331,"href":"https:\/\/2804informa.com.ar\/index.php?rest_route=\/wp\/v2\/posts\/4329\/revisions\/4331"}],"wp:featuredmedia":[{"embeddable":true,"href":"https:\/\/2804informa.com.ar\/index.php?rest_route=\/wp\/v2\/media\/4330"}],"wp:attachment":[{"href":"https:\/\/2804informa.com.ar\/index.php?rest_route=%2Fwp%2Fv2%2Fmedia&parent=4329"}],"wp:term":[{"taxonomy":"category","embeddable":true,"href":"https:\/\/2804informa.com.ar\/index.php?rest_route=%2Fwp%2Fv2%2Fcategories&post=4329"},{"taxonomy":"post_tag","embeddable":true,"href":"https:\/\/2804informa.com.ar\/index.php?rest_route=%2Fwp%2Fv2%2Ftags&post=4329"}],"curies":[{"name":"wp","href":"https:\/\/api.w.org\/{rel}","templated":true}]}}