{"id":4023,"date":"2026-03-14T11:48:21","date_gmt":"2026-03-14T14:48:21","guid":{"rendered":"https:\/\/2804informa.com.ar\/?p=4023"},"modified":"2026-03-14T11:48:21","modified_gmt":"2026-03-14T14:48:21","slug":"chiche-lagar-recorrio-la-futura-fabrica-de-los-rogeles-de-marcela-una-nueva-inversion-que-generara-empleo-en-campana","status":"publish","type":"post","link":"https:\/\/2804informa.com.ar\/?p=4023","title":{"rendered":"\u201cChiche\u201d Lagar recorri\u00f3 la futura f\u00e1brica de \u201cLos Rogeles de Marcela\u201d, una nueva inversi\u00f3n que generar\u00e1 empleo en Campana"},"content":{"rendered":"<p>La ciudad de Campana contin\u00faa consolid\u00e1ndose como un polo de atracci\u00f3n para nuevas inversiones productivas. En este marco, el presidente de la C\u00e1mara Uni\u00f3n del Comercio e Industria de Campana (CUCEI),\u00a0<strong>Octavio \u201cChiche\u201d Lagar<\/strong>, visit\u00f3 la obra de la futura\u00a0<strong>f\u00e1brica modelo de \u201cLos Rogeles de Marcela\u201d<\/strong>, que se construye en\u00a0<strong>Col\u00f3n 632<\/strong>\u00a0y cuya inauguraci\u00f3n est\u00e1 proyectada para el mes de\u00a0<strong>mayo<\/strong>.<\/p>\n<p>La visita se dio luego de que el a\u00f1o pasado Lagar recibiera en la sede de la C\u00e1mara a\u00a0<strong>Gast\u00f3n Garc\u00eda<\/strong>, responsable del desarrollo de la marca en la ciudad. En aquella oportunidad se plante\u00f3 la posibilidad de instalar una planta de producci\u00f3n en Campana, iniciativa que hoy se encuentra en una\u00a0<strong>etapa muy avanzada de construcci\u00f3n<\/strong>, reflejando una importante apuesta empresarial por el crecimiento local.<\/p>\n<p>La futura planta contar\u00e1 con\u00a0<strong>250 metros cuadrados cubiertos<\/strong>, generar\u00e1 alrededor de\u00a0<strong>14 puestos de trabajo<\/strong>\u00a0y tendr\u00e1 adem\u00e1s\u00a0<strong>un local de venta directa al p\u00fablico en el frente del establecimiento<\/strong>. Desde all\u00ed se proyecta una\u00a0<strong>producci\u00f3n diaria estimada de entre 650 y 700 rogeles<\/strong>, un n\u00famero que refleja el crecimiento sostenido que viene experimentando esta reconocida empresa de reposter\u00eda.<\/p>\n<p>\u201cLos Rogeles de Marcela\u201d es una firma cuya propiedad recae en\u00a0<strong>Marcela Sevola y Florencia Guti\u00e9rrez<\/strong>, oriundas de\u00a0<strong>Venado Tuerto y Elortondo, provincia de Santa Fe<\/strong>, quienes hace m\u00e1s de\u00a0<strong>25 a\u00f1os<\/strong>\u00a0comenzaron a elaborar este tradicional postre argentino que hoy se ha convertido en una marca reconocida a nivel nacional. La empresa naci\u00f3 como un emprendimiento familiar durante la crisis de 2001 y con el tiempo logr\u00f3 expandirse a diversas provincias gracias a la calidad de su producto y al crecimiento de su red comercial.<\/p>\n<p>El cl\u00e1sico\u00a0<strong>Rogel<\/strong>, uno de los postres m\u00e1s emblem\u00e1ticos de la pasteler\u00eda argentina, se caracteriza por sus finas capas de masa crocante, dulce de leche y merengue, combinaci\u00f3n que ha convertido a esta torta en un verdadero \u00edcono gastron\u00f3mico.<\/p>\n<p>Durante la recorrida por la obra, Lagar destac\u00f3 la importancia de la inversi\u00f3n y el impacto que tendr\u00e1 en la econom\u00eda local:<\/p>\n<p>\u201cEstamos ante una verdadera\u00a0<strong>f\u00e1brica modelo<\/strong>, pensada con todos los est\u00e1ndares de calidad para garantizar un producto de excelencia. El lugar de producci\u00f3n cuenta con\u00a0<strong>aislamiento t\u00e9rmico especialmente dise\u00f1ado para preservar la nobleza del producto<\/strong>, algo fundamental para mantener el sabor y la calidad que distinguen a estos rogeles\u201d.<\/p>\n<p>El presidente de la CUCEI tambi\u00e9n remarc\u00f3 que la llegada de nuevas industrias confirma el crecimiento que vive la ciudad:<\/p>\n<p>\u201cEs una enorme satisfacci\u00f3n ver c\u00f3mo empresas de distintas provincias\u00a0<strong>apuestan por Campana<\/strong>, generando empleo y movimiento econ\u00f3mico. Esto habla de una ciudad pujante y con un gran potencial para el desarrollo productivo\u201d.<\/p>\n<p>Por su parte,\u00a0<strong>Gast\u00f3n Garc\u00eda<\/strong>, referente de la empresa en Campana, explic\u00f3 los motivos que llevaron a elegir la ciudad para instalar la nueva planta.<\/p>\n<p>\u201cCampana es un\u00a0<strong>punto estrat\u00e9gico para la distribuci\u00f3n hacia toda la Provincia de Buenos Aires<\/strong>. Su ubicaci\u00f3n y su conectividad log\u00edstica hacen que sea un lugar ideal para desarrollar nuestra actividad y continuar expandiendo la marca\u201d.<\/p>\n<p>La firma alcanz\u00f3 gran notoriedad en los \u00faltimos a\u00f1os, especialmente tras la aparici\u00f3n de su producto en el programa televisivo\u00a0<strong>Gran Hermano<\/strong>, hecho que impuls\u00f3 un fuerte crecimiento en la demanda y consolid\u00f3 su presencia en todo el pa\u00eds. Actualmente cuenta con\u00a0<strong>36 puntos de venta distribuidos en distintas ciudades<\/strong>, y proyecta avanzar tambi\u00e9n con un sistema de\u00a0<strong>franquicias<\/strong>\u00a0que permitir\u00e1 continuar ampliando su red comercial.<\/p>\n<p>Para quienes deseen conocer m\u00e1s sobre la marca o realizar pedidos en Campana, los productos pueden solicitarse v\u00eda\u00a0<strong>WhatsApp al 3487 613380<\/strong>, adem\u00e1s de obtener informaci\u00f3n en su sitio web\u00a0<a href=\"http:\/\/www.losrogelesdemarcela.com\/\">www.losrogelesdemarcela.com<\/a>\u00a0y en Instagram\u00a0<strong>@losrogelesdemarcela_campana<\/strong>.<\/p>\n<p>Con esta nueva planta en camino a su inauguraci\u00f3n, Campana suma no s\u00f3lo una inversi\u00f3n productiva sino tambi\u00e9n un nuevo cap\u00edtulo en su desarrollo industrial, demostrando que la ciudad sigue siendo elegida por empresas que buscan crecer y proyectarse a nivel nacional.<\/p>\n","protected":false},"excerpt":{"rendered":"<p>La ciudad de Campana contin\u00faa consolid\u00e1ndose como un polo de atracci\u00f3n para nuevas inversiones productivas. En este marco, el presidente de la C\u00e1mara Uni\u00f3n del Comercio e Industria de Campana (CUCEI),\u00a0Octavio \u201cChiche\u201d Lagar, visit\u00f3 la obra de la futura\u00a0f\u00e1brica modelo de \u201cLos Rogeles de Marcela\u201d, que se construye en\u00a0Col\u00f3n 632\u00a0y cuya inauguraci\u00f3n est\u00e1 proyectada para [&hellip;]<\/p>\n","protected":false},"author":2,"featured_media":4024,"comment_status":"closed","ping_status":"open","sticky":false,"template":"","format":"standard","meta":{"_eb_attr":"","footnotes":""},"categories":[5],"tags":[],"class_list":{"0":"post-4023","1":"post","2":"type-post","3":"status-publish","4":"format-standard","5":"has-post-thumbnail","7":"category-sociedad"},"aioseo_notices":[],"_links":{"self":[{"href":"https:\/\/2804informa.com.ar\/index.php?rest_route=\/wp\/v2\/posts\/4023","targetHints":{"allow":["GET"]}}],"collection":[{"href":"https:\/\/2804informa.com.ar\/index.php?rest_route=\/wp\/v2\/posts"}],"about":[{"href":"https:\/\/2804informa.com.ar\/index.php?rest_route=\/wp\/v2\/types\/post"}],"author":[{"embeddable":true,"href":"https:\/\/2804informa.com.ar\/index.php?rest_route=\/wp\/v2\/users\/2"}],"replies":[{"embeddable":true,"href":"https:\/\/2804informa.com.ar\/index.php?rest_route=%2Fwp%2Fv2%2Fcomments&post=4023"}],"version-history":[{"count":1,"href":"https:\/\/2804informa.com.ar\/index.php?rest_route=\/wp\/v2\/posts\/4023\/revisions"}],"predecessor-version":[{"id":4025,"href":"https:\/\/2804informa.com.ar\/index.php?rest_route=\/wp\/v2\/posts\/4023\/revisions\/4025"}],"wp:featuredmedia":[{"embeddable":true,"href":"https:\/\/2804informa.com.ar\/index.php?rest_route=\/wp\/v2\/media\/4024"}],"wp:attachment":[{"href":"https:\/\/2804informa.com.ar\/index.php?rest_route=%2Fwp%2Fv2%2Fmedia&parent=4023"}],"wp:term":[{"taxonomy":"category","embeddable":true,"href":"https:\/\/2804informa.com.ar\/index.php?rest_route=%2Fwp%2Fv2%2Fcategories&post=4023"},{"taxonomy":"post_tag","embeddable":true,"href":"https:\/\/2804informa.com.ar\/index.php?rest_route=%2Fwp%2Fv2%2Ftags&post=4023"}],"curies":[{"name":"wp","href":"https:\/\/api.w.org\/{rel}","templated":true}]}}