{"id":4004,"date":"2026-03-11T22:28:15","date_gmt":"2026-03-12T01:28:15","guid":{"rendered":"https:\/\/2804informa.com.ar\/?p=4004"},"modified":"2026-03-11T14:33:55","modified_gmt":"2026-03-11T17:33:55","slug":"historia-de-campana-el-hombre-sin-apellido","status":"publish","type":"post","link":"https:\/\/2804informa.com.ar\/?p=4004","title":{"rendered":"Historia de Campana: El hombre sin apellido"},"content":{"rendered":"<p>S\u00ed, lo ten\u00eda como todos. Pero la mayor\u00eda no lo sab\u00eda: Pitrau. A \u00e9l le bast\u00f3 con su nombre: SIM\u00d3N. El raro privilegio de ser conocido por el nombre est\u00e1 reservado, en nuestro pa\u00eds al menos, a algunos jugadores de f\u00fatbol, a divas del espect\u00e1culo o algunas personalidades pol\u00edticas. Puede que Campana tenga otro, pero uno de ellos fue el \u201cportero\u201d de la Escuela Normal Eduardo Costa. Muchos fueron los que ocuparon ese puesto, pero no hay dudas que SIM\u00d3N es el m\u00e1s recordado. Por propios y extra\u00f1os.<\/p>\n<p>De contextura peque\u00f1a, delgado, fan\u00e1tico de River Plate, se lo sol\u00eda ver con su &#8220;Spica&#8221; en el estadio de Villa D\u00e1lmine, de anteojos con unos cristales que dejaban bien claro que ten\u00eda problemas de visi\u00f3n. Con su guardapolvo larg\u00f3n, gris, a veces descuidado, recorr\u00eda cada rinc\u00f3n del edificio. Era dif\u00edcil verlo sentado. &#8220;Paseaba&#8221; por las dos galer\u00edas con su escobill\u00f3n y el aserr\u00edn que se desparramaba delante del mismo al inicio del d\u00eda y luego de los recreos, prend\u00eda cada una de las pantallas que exist\u00edan para calefaccionar el sal\u00f3n, manejaba con una seguridad absoluta un gran manojo de llaves de cada una de las dependencias porque no era que \u00e9l entregaba la llave; acompa\u00f1aba a quien la solicitara hasta abrirle personalmente cada una de las puertas.<\/p>\n<p>Dif\u00edcilmente haya salido de su boca la frase &#8220;esto no me corresponde&#8221;. Es que en &#8220;su estatuto&#8221;, solo hab\u00eda un \u00fanico art\u00edculo: servicial y comprometido con la escuela. Estaba en cada uno de los eventos que se realizaban fuera de hora, durante los fines de semana para lo cual contento quedaba si se le entregaba su paga correspondiente y mejor tal vez. Si era con comida.<\/p>\n<p>Trabaj\u00f3 en la Escuela Normal desde el a\u00f1o 1958, su mam\u00e1 se llamaba Jacinta, era en\u00e9rgica y vital, viv\u00edan en la calle Castelli, casi bulevar Sarmiento, lo trataba con mucho cari\u00f1o, pero sin ninguna concesi\u00f3n haci\u00e9ndole saber que ten\u00eda que ser disciplinado para todo. Ten\u00edan largas charlas a las cuales se sumaba su t\u00eda Juana.<\/p>\n<p>La periodista Rina Casulli en el t\u00edtulo de una nota a \u00e9l dedicada, resum\u00eda lo que fue su vida \u201cel trabajo fue siempre el motivo de su existencia\u201d y agregaba \u201ctrabaj\u00f3 en la escuela desde 1958 cumpliendo estrictamente con su horario con su inseparable bicicleta que formaba parte de \u00e9l\u201d (\u2026) Fue uno de esos personajes que esta ciudad nos dio. La misma Rina recordaba haberlo visto en uno de los corsos, \u201csubido a una bicicleta y con un paraguas demostrando su ingenuidad al pretender que nadie lo reconocer\u00eda\u201d.<\/p>\n<p>Como cada uno de nosotros, ten\u00eda sus d\u00edas buenos y los que no eran tanto y f\u00e1cilmente se percib\u00eda. Servicial y educado sol\u00eda saludar con un &#8220;buen d\u00eda se\u00f1or, se\u00f1ora y\/o se\u00f1orita&#8221; y muchas veces dejaba bien en claro cuando no se lo trataba de igual modo.<\/p>\n<p>Viv\u00eda solo, en condiciones muy limitadas, pero siempre agradec\u00eda con aquel que le proporcionara algo que mejorara su calidad de vida, sea ropa o un mueble.<\/p>\n<p>Cuando lleg\u00f3 la edad de jubilarse, se neg\u00f3 a hacerlo porque \u00e9l quer\u00eda llegar a los &#8220;40 a\u00f1os de trabajo&#8221; ya que, &#8220;el ministerio le dar\u00eda una Copa de Oro&#8221;. Como los deseos no siempre se cumplen en su totalidad. Lleg\u00f3 a los 40 de trabajo. En su obsesi\u00f3n por la Copa, en una de las fiestas de aniversario, algunos docentes le consiguieron &#8220;la copa&#8221; (que por supuesto no ven\u00eda del Ministerio) cambiando el oro por un &#8220;bronce bien lustrado&#8221;. Pocas veces se lo vi\u00f3 tan feliz. Hab\u00eda logrado la meta y hab\u00eda obtenido lo que su fantas\u00eda hab\u00eda imaginado.<\/p>\n<p>Meses despu\u00e9s, al iniciarse su tr\u00e1mite jubilatorio y en uno de los viajes a La Plata, dos de las docentes que lo acompa\u00f1aban se entrevistaron con el m\u00e9dico que le ayudar\u00eda a acelerar los plazos ya que no se encontraba en buen estado de salud. El m\u00e9dico le se\u00f1al\u00f3 &#8220;por los a\u00f1os trabajados le haremos una jubilaci\u00f3n ordinaria&#8221;. Al escucharlo, Sim\u00f3n, con \u00e9nfasis y en tono muy alto, le contest\u00f3 &#8220;de ninguna manera. Con lo que yo trabaj\u00e9. Quiero una de las buenas. \u00a1Porque ya tengo bastante con estas se\u00f1oras que me regalaron una Copa que no era de oro\u2026era ba\u00f1ada en oro!&#8221;<\/p>\n<p>Algo m\u00e1s que \u201cel portero de la Normal\u201d (sin ser el \u00fanico, pero por su trascendencia, pareciera) lo demuestra el hecho que en el a\u00f1o 1993 la CUCEI le otorg\u00f3 la Orden de la Campana por su acci\u00f3n laboral.<\/p>\n<p>En su paso por la escuela dej\u00f3 en claro que nos recordar\u00e1n por lo que hicimos y que, con el nombre, simplemente alcanza. Si no, que lo diga SIM\u00d3N. SIM\u00d3N PITRAU.<\/p>\n<p>Profesor Andr\u00e9s Suardini y Juan Cruz Fern\u00e1ndez<\/p>\n","protected":false},"excerpt":{"rendered":"<p>S\u00ed, lo ten\u00eda como todos. Pero la mayor\u00eda no lo sab\u00eda: Pitrau. A \u00e9l le bast\u00f3 con su nombre: SIM\u00d3N. El raro privilegio de ser conocido por el nombre est\u00e1 reservado, en nuestro pa\u00eds al menos, a algunos jugadores de f\u00fatbol, a divas del espect\u00e1culo o algunas personalidades pol\u00edticas. Puede que Campana tenga otro, pero [&hellip;]<\/p>\n","protected":false},"author":2,"featured_media":4005,"comment_status":"closed","ping_status":"open","sticky":false,"template":"","format":"standard","meta":{"_eb_attr":"","footnotes":""},"categories":[8],"tags":[],"class_list":{"0":"post-4004","1":"post","2":"type-post","3":"status-publish","4":"format-standard","5":"has-post-thumbnail","7":"category-cultura"},"aioseo_notices":[],"_links":{"self":[{"href":"https:\/\/2804informa.com.ar\/index.php?rest_route=\/wp\/v2\/posts\/4004","targetHints":{"allow":["GET"]}}],"collection":[{"href":"https:\/\/2804informa.com.ar\/index.php?rest_route=\/wp\/v2\/posts"}],"about":[{"href":"https:\/\/2804informa.com.ar\/index.php?rest_route=\/wp\/v2\/types\/post"}],"author":[{"embeddable":true,"href":"https:\/\/2804informa.com.ar\/index.php?rest_route=\/wp\/v2\/users\/2"}],"replies":[{"embeddable":true,"href":"https:\/\/2804informa.com.ar\/index.php?rest_route=%2Fwp%2Fv2%2Fcomments&post=4004"}],"version-history":[{"count":1,"href":"https:\/\/2804informa.com.ar\/index.php?rest_route=\/wp\/v2\/posts\/4004\/revisions"}],"predecessor-version":[{"id":4006,"href":"https:\/\/2804informa.com.ar\/index.php?rest_route=\/wp\/v2\/posts\/4004\/revisions\/4006"}],"wp:featuredmedia":[{"embeddable":true,"href":"https:\/\/2804informa.com.ar\/index.php?rest_route=\/wp\/v2\/media\/4005"}],"wp:attachment":[{"href":"https:\/\/2804informa.com.ar\/index.php?rest_route=%2Fwp%2Fv2%2Fmedia&parent=4004"}],"wp:term":[{"taxonomy":"category","embeddable":true,"href":"https:\/\/2804informa.com.ar\/index.php?rest_route=%2Fwp%2Fv2%2Fcategories&post=4004"},{"taxonomy":"post_tag","embeddable":true,"href":"https:\/\/2804informa.com.ar\/index.php?rest_route=%2Fwp%2Fv2%2Ftags&post=4004"}],"curies":[{"name":"wp","href":"https:\/\/api.w.org\/{rel}","templated":true}]}}