{"id":3998,"date":"2026-03-11T14:15:37","date_gmt":"2026-03-11T17:15:37","guid":{"rendered":"https:\/\/2804informa.com.ar\/?p=3998"},"modified":"2026-03-11T14:15:37","modified_gmt":"2026-03-11T17:15:37","slug":"entronizaron-a-la-virgen-del-rincon-del-canchillo-en-rio-lujan","status":"publish","type":"post","link":"https:\/\/2804informa.com.ar\/?p=3998","title":{"rendered":"Entronizaron a la Virgen del Rinc\u00f3n del Canchillo en R\u00edo Luj\u00e1n"},"content":{"rendered":"<p>Luego de a\u00f1os de trabajo comunitario y del esfuerzo sostenido de vecinos y colaboradores, la imagen original de la Virgen del Rosario del Rinc\u00f3n del Canchillo fue finalmente entronizada en el Centro Misional ubicado en la esquina de S\u00edvori y Pettoruti. La celebraci\u00f3n incluy\u00f3 una procesi\u00f3n por el barrio y la Santa Misa presidida por el p\u00e1rroco Adri\u00e1n L\u00e1zaro, en una jornada cargada de fe, emoci\u00f3n y sentido de pertenencia para la comunidad que durante a\u00f1os impuls\u00f3 la construcci\u00f3n del espacio donde hoy la Virgen tiene su lugar.<\/p>\n<p>La historia de la Virgen del Rosario del Rinc\u00f3n del Canchillo se remonta al 20 de junio del a\u00f1o 2000, cuando el vecino Luis Suzan, oriundo de R\u00edo Luj\u00e1n, realizaba una tarea cotidiana en el bajo ribere\u00f1o de la zona: arrear el ganado desde el ba\u00f1ado del r\u00edo Luj\u00e1n hasta los corrales. En ese recorrido algo llam\u00f3 su atenci\u00f3n en el suelo. En un primer momento continu\u00f3 su camino, pero a pocos metros decidi\u00f3 regresar para observar mejor aquello que hab\u00eda visto.<\/p>\n<p>Al remover la tierra descubri\u00f3 una peque\u00f1a imagen de la Virgen del Rosario parcialmente enterrada. El hallazgo lo conmovi\u00f3 profundamente y pronto comenz\u00f3 a difundirse entre los vecinos, quienes interpretaron el hecho como un signo especial para la comunidad.<\/p>\n<p>Con el paso del tiempo, la historia fue tomando un lugar importante en la identidad del barrio. La imagen fue vinculada con el antiguo paraje conocido como Rinc\u00f3n del Canchillo, denominaci\u00f3n hist\u00f3rica del \u00e1rea que hoy corresponde a la zona de R\u00edo Luj\u00e1n. Seg\u00fan explic\u00f3 Ana Mar\u00eda Cesan, los datos hist\u00f3ricos sobre el origen del paraje y su denominaci\u00f3n fueron investigados por el profesor Oscar Trujillo.<\/p>\n<p>A partir de all\u00ed comenz\u00f3 a ser conocida como Virgen del Rosario del Rinc\u00f3n del Canchillo, despertando una creciente devoci\u00f3n entre los vecinos. La comunidad fue organizando encuentros de oraci\u00f3n y celebraciones religiosas hasta que, con el esfuerzo de los feligreses, se levant\u00f3 una peque\u00f1a capilla en S\u00edvori y Pettoruti, donde hoy funciona el Centro Misional que mantiene viva esta tradici\u00f3n de fe.<\/p>\n<p>En el marco de esta celebraci\u00f3n, 2804 Informa dialog\u00f3 con Ana Mar\u00eda Cesan, colaboradora del Centro Misional Virgen del Canchillo, quien desde hace a\u00f1os acompa\u00f1a las actividades de la comunidad y participa activamente en la organizaci\u00f3n de las celebraciones religiosas y encuentros que re\u00fanen a los vecinos del barrio.<\/p>\n<p>Durante a\u00f1os, la imagen original de la Virgen del Rosario del Rinc\u00f3n del Canchillo permaneci\u00f3 resguardada por la familia que la encontr\u00f3, mientras la comunidad del Centro Misional avanzaba lentamente en la construcci\u00f3n y acondicionamiento de la capilla. La prioridad siempre fue garantizar que la pieza pudiera conservarse en un lugar seguro y adecuado, debido a su valor hist\u00f3rico y religioso para los vecinos del barrio.<\/p>\n<p>En los \u00faltimos meses, gracias al trabajo conjunto de la comunidad y a la colaboraci\u00f3n de vecinos y empresas de la zona, el centro misional logr\u00f3 realizar mejoras en sus instalaciones, incorporando medidas de seguridad y adaptando el altar para recibir finalmente la imagen original. Ese proceso permiti\u00f3 que se concretara la esperada entronizaci\u00f3n de la Virgen en el espacio que hoy la comunidad considera su hogar.<\/p>\n<p>\u201cHasta el domingo pasado la pieza original estuvo en la casa de la familia que la encontr\u00f3, ya que nosotros no pod\u00edamos finalizar el centro misional. Al ser una pieza \u00fanica ten\u00edamos que tener la certeza de que iba a estar a salvo. En cuanto pudimos, gracias a la colaboraci\u00f3n de vecinos y empresas de la zona, pusimos rejas, modificamos el altar para que la Virgen tuviera su lugar. Charlamos con la familia y ellos mismos nos dijeron: es el momento de que la Virgen est\u00e9 ah\u00ed\u201d, relat\u00f3 Cesan.<\/p>\n<p>\u201cElla est\u00e1 en su casa y para nosotros es una emoci\u00f3n enorme que la gente que venga pueda ver la original, ya que antes ten\u00edamos r\u00e9plicas, las que siguen estando en nuestro poder, que son las misioneras \u2014como les decimos\u2014 porque son las que visitan las casas de los vecinos que la solicitan\u201d, agreg\u00f3.<\/p>\n<p>En ese camino de crecimiento, el Centro Misional fue consolid\u00e1ndose gracias al esfuerzo constante de vecinos y colaboradores. Con distintas iniciativas solidarias lograron sostener y mejorar el espacio a lo largo de los a\u00f1os.<\/p>\n<p>\u201cDesde el 2015 trabajamos para lograr que este centro misional sea la casa definitiva de la Virgen. Todo a pulm\u00f3n, con mucha ayuda de la gente que siempre nos est\u00e1 apoyando con ropa para vender o acompa\u00f1\u00e1ndonos en nuestros eventos para recaudar fondos. Un ejemplo claro son las sillas y los bancos: al principio ten\u00edamos que pedir las sillas de pl\u00e1stico a la Sociedad de Fomento, pero luego, gracias a los mismos vecinos, pudimos comprar las sillas que tenemos hoy en d\u00eda. Cada familia que colabor\u00f3 tiene una placa en su honor en cada silla, a modo de agradecimiento\u201d, cont\u00f3.<\/p>\n<p>La reciente entronizaci\u00f3n de la imagen marc\u00f3 un momento especialmente significativo para la comunidad, ya que represent\u00f3 la culminaci\u00f3n de un proceso que llev\u00f3 a\u00f1os de trabajo y organizaci\u00f3n por parte de quienes integran el centro misional.<\/p>\n<p>\u201cEl domingo pasado realizamos la entronizaci\u00f3n, una peque\u00f1a procesi\u00f3n y una misa que dio nuestro p\u00e1rroco\u201d, explic\u00f3.<\/p>\n<p>Luego de la procesi\u00f3n se celebr\u00f3 la Santa Misa presidida por el p\u00e1rroco Adri\u00e1n L\u00e1zaro, acompa\u00f1ado por diferentes di\u00e1conos e invitados, en una ceremonia que reuni\u00f3 a vecinos y fieles del barrio en un clima de profunda emoci\u00f3n y devoci\u00f3n.<\/p>\n<p>Cesan tambi\u00e9n destac\u00f3 que, m\u00e1s all\u00e1 de las celebraciones religiosas, el Centro Misional busca mantenerse abierto a la comunidad, promoviendo la participaci\u00f3n de los vecinos y generando espacios de encuentro y acompa\u00f1amiento para quienes deseen acercarse.<\/p>\n<p>\u201cHay mucha gente atr\u00e1s de este centro. Si bien celebramos la misa los terceros domingos de cada mes a las 17 horas, la gente que quiera pasar a conocerlo en otro momento puede contactarse con alguno de nosotros y coordinamos, ya que este centro misional es de todos. Eso es lo que queremos lograr, que m\u00e1s gente venga y lo conozca\u201d, expres\u00f3.<\/p>\n<p>Por otra parte, la colaboradora tambi\u00e9n se refiri\u00f3 a una de las celebraciones m\u00e1s importantes para la comunidad del barrio, que cada a\u00f1o convoca a vecinos y visitantes en torno a la devoci\u00f3n por la Virgen.<\/p>\n<p>\u201cCada a\u00f1o realizamos la fiesta de la Virgen del Canchillo, el evento m\u00e1s importante de la comunidad de R\u00edo Luj\u00e1n, que con el tiempo ha ido creciendo y convoca a cada vez m\u00e1s vecinos. En esa oportunidad aprovechamos para juntar recursos para hacer las cosas que van faltando en el centro y, por suerte, la gente siempre acompa\u00f1a. Es una fiesta a la que asiste mucha gente, de la ciudad y de alrededores\u201d, explic\u00f3.<\/p>\n<p>Durante la charla, Cesan tambi\u00e9n se refiri\u00f3 a uno de los desaf\u00edos que enfrenta actualmente la comunidad del Centro Misional, vinculado con la participaci\u00f3n de los vecinos en las actividades religiosas. Si bien el espacio se ha ido consolidando con el paso de los a\u00f1os y cuenta con el acompa\u00f1amiento de muchos vecinos del barrio, la colaboradora se\u00f1al\u00f3 que todav\u00eda queda el desaf\u00edo de lograr que m\u00e1s personas se acerquen a las celebraciones y se involucren activamente en la vida del lugar.<\/p>\n<p>\u201cEs una tarea pendiente hacer que los j\u00f3venes y las familias se acerquen y se comprometan, porque este es un lugar de todos. Si bien siempre nos ven a nosotros, est\u00e1 abierto a toda la comunidad\u201d, se\u00f1al\u00f3.<\/p>\n<p>En ese sentido, tambi\u00e9n destac\u00f3 el compromiso de quienes sostienen el funcionamiento cotidiano del lugar. Un peque\u00f1o grupo de vecinos se encarga de abrirlo, mantenerlo en condiciones y organizar muchas de las actividades que se realizan durante el a\u00f1o, una tarea que implica dedicaci\u00f3n constante y un fuerte sentido de pertenencia con el espacio que supieron construir con el esfuerzo de la comunidad.<\/p>\n<p>\u201cPara nosotras, que somos un grupo de alrededor de doce personas que colaboramos en el centro, fue una alegr\u00eda enorme poder llegar a este logro despu\u00e9s de todos los retos que tuvimos en el medio. Hoy abrimos y entramos y est\u00e1 todo igual a como lo dejamos\u201d, agreg\u00f3.<\/p>\n<p>Al referirse a lo que signific\u00f3 en lo personal la concreci\u00f3n de este proyecto, Cesan reconoci\u00f3 que la entronizaci\u00f3n de la Virgen y la consolidaci\u00f3n del centro misional representan tambi\u00e9n una realizaci\u00f3n a nivel humano y espiritual para quienes vienen acompa\u00f1ando este proceso desde sus inicios.<\/p>\n<p>\u201cPara m\u00ed puntualmente me siento realizada como vecina, como cat\u00f3lica y como colaboradora. Siento que el proyecto est\u00e1\u201d, expres\u00f3.<\/p>\n<p>Sin embargo, confes\u00f3 que muchas veces la intensidad del trabajo cotidiano y la din\u00e1mica que implic\u00f3 sacar adelante el centro misional no siempre les permiti\u00f3 dimensionar completamente todo lo que fueron logrando con el paso del tiempo.<\/p>\n<p>\u201cPor la vor\u00e1gine del mismo proyecto muchas veces no llegamos a darnos cuenta al cien por ciento de los sentimientos que tenemos al ver este proyecto terminado\u201d, se\u00f1al\u00f3.<\/p>\n<p>En ese sentido, volvi\u00f3 a remarcar la importancia de que el espacio contin\u00fae creciendo con la participaci\u00f3n de los vecinos, ya que el objetivo de quienes lo sostienen es tratar que cada vez m\u00e1s personas se acerquen y se sientan parte de la comunidad.<\/p>\n<p>\u201cVuelvo a repetir que ojal\u00e1 los vecinos se acerquen m\u00e1s y sientan que esto es de todos, no solo de uno. Por eso queremos que m\u00e1s vecinos y familias nos conozcan\u201d, concluy\u00f3.<\/p>\n<p>Al hablar sobre los pr\u00f3ximos desaf\u00edos, Cesan explic\u00f3 que, si bien la entronizaci\u00f3n de la Virgen representa un paso muy importante para la comunidad, todav\u00eda quedan algunos proyectos por concretar para seguir mejorando el espacio y acompa\u00f1ar el crecimiento de las actividades que all\u00ed se desarrollan.<\/p>\n<p>\u201cTenemos proyectado hacer un campanario, ya que tenemos la campana, pero faltar\u00eda la obra del campanario y tambi\u00e9n hacer el cielorraso. Estos son los dos proyectos m\u00e1s grandes que tenemos. Por eso recalco que quien quiera colaborar puede hacerlo: no hay m\u00ednimo ni m\u00e1ximo, la colaboraci\u00f3n es con lo que cada uno pueda\u201d, coment\u00f3.<\/p>\n<p>La concreci\u00f3n de estos objetivos forma parte del mismo esp\u00edritu comunitario que permiti\u00f3 levantar el espacio y sostenerlo a lo largo de los a\u00f1os. Desde el hallazgo de la imagen en el a\u00f1o 2000 hasta la reciente entronizaci\u00f3n en su lugar definitivo, la historia de la Virgen del Rosario del Rinc\u00f3n del Canchillo est\u00e1 profundamente ligada al compromiso de los vecinos de R\u00edo Luj\u00e1n, que con esfuerzo, dedicaci\u00f3n y gestos solidarios fueron acompa\u00f1ando cada etapa de este camino.<\/p>\n<p>Hoy, el lugar se ha convertido en un punto de encuentro para la fe, la oraci\u00f3n y la vida comunitaria del barrio. Las celebraciones, las actividades solidarias y las distintas iniciativas que se organizan durante el a\u00f1o reflejan el deseo de mantener vivo un espacio que naci\u00f3 del compromiso colectivo y que sigue creciendo gracias al acompa\u00f1amiento de la comunidad.<\/p>\n<p>Desde el grupo de colaboradores remarcan que quienes deseen acercarse a conocer el lugar, participar de las celebraciones o colaborar con los proyectos que a\u00fan quedan por realizar pueden hacerlo comunic\u00e1ndose con Ana Mar\u00eda Cesan, quien forma parte del equipo que sostiene diariamente su funcionamiento. Tambi\u00e9n invitan a los vecinos que quieran realizar donaciones o aportar materiales y recursos para las obras pendientes, recordando que toda ayuda suma para continuar fortaleciendo este espacio que, como destacan desde la comunidad, \u201ces de todos y para todos\u201d.<\/p>\n","protected":false},"excerpt":{"rendered":"<p>Luego de a\u00f1os de trabajo comunitario y del esfuerzo sostenido de vecinos y colaboradores, la imagen original de la Virgen del Rosario del Rinc\u00f3n del Canchillo fue finalmente entronizada en el Centro Misional ubicado en la esquina de S\u00edvori y Pettoruti. La celebraci\u00f3n incluy\u00f3 una procesi\u00f3n por el barrio y la Santa Misa presidida por [&hellip;]<\/p>\n","protected":false},"author":2,"featured_media":3999,"comment_status":"closed","ping_status":"open","sticky":false,"template":"","format":"standard","meta":{"_eb_attr":"","footnotes":""},"categories":[124],"tags":[],"class_list":{"0":"post-3998","1":"post","2":"type-post","3":"status-publish","4":"format-standard","5":"has-post-thumbnail","7":"category-notas-de-tapa"},"aioseo_notices":[],"_links":{"self":[{"href":"https:\/\/2804informa.com.ar\/index.php?rest_route=\/wp\/v2\/posts\/3998","targetHints":{"allow":["GET"]}}],"collection":[{"href":"https:\/\/2804informa.com.ar\/index.php?rest_route=\/wp\/v2\/posts"}],"about":[{"href":"https:\/\/2804informa.com.ar\/index.php?rest_route=\/wp\/v2\/types\/post"}],"author":[{"embeddable":true,"href":"https:\/\/2804informa.com.ar\/index.php?rest_route=\/wp\/v2\/users\/2"}],"replies":[{"embeddable":true,"href":"https:\/\/2804informa.com.ar\/index.php?rest_route=%2Fwp%2Fv2%2Fcomments&post=3998"}],"version-history":[{"count":1,"href":"https:\/\/2804informa.com.ar\/index.php?rest_route=\/wp\/v2\/posts\/3998\/revisions"}],"predecessor-version":[{"id":4000,"href":"https:\/\/2804informa.com.ar\/index.php?rest_route=\/wp\/v2\/posts\/3998\/revisions\/4000"}],"wp:featuredmedia":[{"embeddable":true,"href":"https:\/\/2804informa.com.ar\/index.php?rest_route=\/wp\/v2\/media\/3999"}],"wp:attachment":[{"href":"https:\/\/2804informa.com.ar\/index.php?rest_route=%2Fwp%2Fv2%2Fmedia&parent=3998"}],"wp:term":[{"taxonomy":"category","embeddable":true,"href":"https:\/\/2804informa.com.ar\/index.php?rest_route=%2Fwp%2Fv2%2Fcategories&post=3998"},{"taxonomy":"post_tag","embeddable":true,"href":"https:\/\/2804informa.com.ar\/index.php?rest_route=%2Fwp%2Fv2%2Ftags&post=3998"}],"curies":[{"name":"wp","href":"https:\/\/api.w.org\/{rel}","templated":true}]}}