{"id":3979,"date":"2026-03-07T23:35:21","date_gmt":"2026-03-08T02:35:21","guid":{"rendered":"https:\/\/2804informa.com.ar\/?p=3979"},"modified":"2026-03-06T21:13:52","modified_gmt":"2026-03-07T00:13:52","slug":"regresan-las-charlas-gratuitas-sobre-lactancia-y-cuidados-del-recien-nacido","status":"publish","type":"post","link":"https:\/\/2804informa.com.ar\/?p=3979","title":{"rendered":"Regresan las charlas gratuitas sobre lactancia y cuidados del reci\u00e9n nacido"},"content":{"rendered":"<p><strong>La iniciativa busca brindar informaci\u00f3n y acompa\u00f1amiento a madres, padres y familias sobre la lactancia materna, el cuidado del reci\u00e9n nacido y las primeras etapas de la crianza. Los encuentros estar\u00e1n coordinados por profesionales de la salud y se realizar\u00e1n en distintos Centros de Atenci\u00f3n Primaria de la Salud (CAPS) y Centros Integradores Comunitarios (CIC), con el objetivo de promover pr\u00e1cticas de cuidado, fortalecer el v\u00ednculo familiar y acompa\u00f1ar a las familias durante los primeros meses de vida del beb\u00e9.<\/strong><\/p>\n<p>La Secretar\u00eda de Salud del Municipio, a trav\u00e9s de la Direcci\u00f3n de Salud Comunitaria, brindar\u00e1 una nueva edici\u00f3n de las charlas-taller sobre Lactancia y Cuidados del Reci\u00e9n Nacido abiertas a la comunidad. Durante los encuentros se abordar\u00e1n distintos aspectos vinculados al inicio de la lactancia, t\u00e9cnicas de amamantamiento, beneficios para la salud del beb\u00e9 y de la madre, as\u00ed como tambi\u00e9n cuidados b\u00e1sicos del reci\u00e9n nacido, se\u00f1ales de alerta y recomendaciones para acompa\u00f1ar de manera saludable los primeros meses de vida. Adem\u00e1s, las familias podr\u00e1n realizar consultas y compartir experiencias con los profesionales de salud que participan de cada jornada.<\/p>\n<p>Los encuentros estar\u00e1n a cargo de la puericultora Ver\u00f3nica Cerrutti, con el acompa\u00f1amiento de los pediatras y obstetras de los Centros de Atenci\u00f3n Primaria de la Salud (CAPS) y los Centros Integradores Comunitarios (CIC) de la ciudad.<\/p>\n<p>Todas las charlas se desarrollar\u00e1n a las 10 horas y ser\u00e1n de acceso libre y gratuito. El cronograma previsto es el siguiente:<\/p>\n<p>&#8211; martes 10 de marzo: CAPS La Josefa<\/p>\n<p>&#8211; viernes 13 de marzo: CAPS San Felipe<\/p>\n<p>&#8211; martes 17 de marzo: CIC San Cayetano<\/p>\n<p>&#8211; viernes 20 de marzo: CAPS Santa Luc\u00eda<\/p>\n<p>&#8211; viernes 27 de marzo: CAPS Pioneros<\/p>\n<p>&#8211; martes 7 de abril: CIC Lubo<\/p>\n<p>&#8211; viernes 10 de abril: CAPS Praderas<\/p>\n<p>&#8211; martes 14 de abril: CAPS Las Acacias<\/p>\n<p>&#8211; martes 21 de abril: CAPS Las Campanas<\/p>\n<p>&#8211; viernes 24 de abril: CAPS Otamendi<\/p>\n","protected":false},"excerpt":{"rendered":"<p>La iniciativa busca brindar informaci\u00f3n y acompa\u00f1amiento a madres, padres y familias sobre la lactancia materna, el cuidado del reci\u00e9n nacido y las primeras etapas de la crianza. Los encuentros estar\u00e1n coordinados por profesionales de la salud y se realizar\u00e1n en distintos Centros de Atenci\u00f3n Primaria de la Salud (CAPS) y Centros Integradores Comunitarios (CIC), [&hellip;]<\/p>\n","protected":false},"author":2,"featured_media":3980,"comment_status":"closed","ping_status":"open","sticky":false,"template":"","format":"standard","meta":{"_eb_attr":"","footnotes":""},"categories":[7],"tags":[],"class_list":{"0":"post-3979","1":"post","2":"type-post","3":"status-publish","4":"format-standard","5":"has-post-thumbnail","7":"category-salud"},"aioseo_notices":[],"_links":{"self":[{"href":"https:\/\/2804informa.com.ar\/index.php?rest_route=\/wp\/v2\/posts\/3979","targetHints":{"allow":["GET"]}}],"collection":[{"href":"https:\/\/2804informa.com.ar\/index.php?rest_route=\/wp\/v2\/posts"}],"about":[{"href":"https:\/\/2804informa.com.ar\/index.php?rest_route=\/wp\/v2\/types\/post"}],"author":[{"embeddable":true,"href":"https:\/\/2804informa.com.ar\/index.php?rest_route=\/wp\/v2\/users\/2"}],"replies":[{"embeddable":true,"href":"https:\/\/2804informa.com.ar\/index.php?rest_route=%2Fwp%2Fv2%2Fcomments&post=3979"}],"version-history":[{"count":1,"href":"https:\/\/2804informa.com.ar\/index.php?rest_route=\/wp\/v2\/posts\/3979\/revisions"}],"predecessor-version":[{"id":3981,"href":"https:\/\/2804informa.com.ar\/index.php?rest_route=\/wp\/v2\/posts\/3979\/revisions\/3981"}],"wp:featuredmedia":[{"embeddable":true,"href":"https:\/\/2804informa.com.ar\/index.php?rest_route=\/wp\/v2\/media\/3980"}],"wp:attachment":[{"href":"https:\/\/2804informa.com.ar\/index.php?rest_route=%2Fwp%2Fv2%2Fmedia&parent=3979"}],"wp:term":[{"taxonomy":"category","embeddable":true,"href":"https:\/\/2804informa.com.ar\/index.php?rest_route=%2Fwp%2Fv2%2Fcategories&post=3979"},{"taxonomy":"post_tag","embeddable":true,"href":"https:\/\/2804informa.com.ar\/index.php?rest_route=%2Fwp%2Fv2%2Ftags&post=3979"}],"curies":[{"name":"wp","href":"https:\/\/api.w.org\/{rel}","templated":true}]}}