{"id":3973,"date":"2026-03-07T00:08:01","date_gmt":"2026-03-07T03:08:01","guid":{"rendered":"https:\/\/2804informa.com.ar\/?p=3973"},"modified":"2026-03-06T21:09:24","modified_gmt":"2026-03-07T00:09:24","slug":"kicillof-inauguro-el-edificio-educativo-n300","status":"publish","type":"post","link":"https:\/\/2804informa.com.ar\/?p=3973","title":{"rendered":"Kicillof inaugur\u00f3 el edificio educativo N\u00b0300"},"content":{"rendered":"<p><strong>Con una inversi\u00f3n de $14.449 millones, el nuevo complejo educativo incluye un jard\u00edn de infantes, una escuela primaria y una secundaria, y permitir\u00e1 ampliar la oferta educativa con 1.380 nuevas vacantes para estudiantes del distrito, consolid\u00e1ndose como uno de los proyectos educativos m\u00e1s importantes inaugurados durante la actual gesti\u00f3n provincial.<\/strong><\/p>\n<p>El gobernador de la provincia de Buenos Aires, Axel Kicillof, encabez\u00f3 el acto de inauguraci\u00f3n del edificio educativo N\u00b0300 construido desde el inicio de su gesti\u00f3n. La actividad se realiz\u00f3 en el marco de la puesta en funcionamiento de tres nuevas instituciones que conforman el Polo Educativo de Berazategui, junto al ministro de Gobierno, Carlos Bianco; la directora general de Cultura y Educaci\u00f3n, Flavia Terigi; la directora ejecutiva del Organismo Provincial de Integraci\u00f3n Social y Urbana (OPISU), Romina Barrios; el intendente local, Carlos Balor; y la directora del Jard\u00edn de Infantes N\u00b0953, Florencia Bernarducci.<\/p>\n<p>El nuevo complejo educativo forma parte de una pol\u00edtica de ampliaci\u00f3n de la infraestructura escolar que lleva adelante el Gobierno bonaerense en distintos distritos de la provincia. Con esta inauguraci\u00f3n, la gesti\u00f3n provincial alcanz\u00f3 el edificio educativo n\u00famero 300 construido desde el inicio del mandato, una cifra que las autoridades destacaron como un hito dentro de las pol\u00edticas p\u00fablicas destinadas a fortalecer el sistema educativo.<\/p>\n<p>Durante el acto, Kicillof remarc\u00f3 la transformaci\u00f3n que implic\u00f3 la obra en el barrio y subray\u00f3 el impacto que tendr\u00e1 para las familias de la zona. \u201cLo que antes era un terreno bald\u00edo, ahora es un polo educativo con tres escuelas, laboratorios y playones deportivos: este es un verdadero eje de transformaci\u00f3n que permite incluir a m\u00e1s de 1.300 chicos de Berazategui\u201d, expres\u00f3 el mandatario provincial.<\/p>\n<p>En ese marco, el gobernador tambi\u00e9n hizo referencia al rol del Estado en el desarrollo de pol\u00edticas p\u00fablicas vinculadas a la educaci\u00f3n. \u201cNo pod\u00edamos quedarnos a esperar que lo resolviera la mano invisible del mercado: hace falta inversi\u00f3n p\u00fablica para garantizar la educaci\u00f3n, la salud y la dignidad de nuestro pueblo\u201d, se\u00f1al\u00f3.<\/p>\n<p>Asimismo, Kicillof sostuvo que la provincia contin\u00faa avanzando con obras educativas a pesar de las dificultades que atraviesa el sector. \u201cMientras el Gobierno nacional promueve la destrucci\u00f3n del Estado y la privatizaci\u00f3n absoluta de derechos esenciales, nosotros estamos orgullosos de seguir avanzando con una mirada diferente, que incluye y contiene a nuestro pueblo\u201d, afirm\u00f3.<\/p>\n<p>El gobernador explic\u00f3 adem\u00e1s que, pese a la paralizaci\u00f3n de proyectos educativos a nivel nacional, la Provincia continu\u00f3 con el desarrollo de nuevas obras. \u201cA pesar de que paralizaron las obras de 80 escuelas en la provincia, hemos logrado superar las dificultades e inaugurar hoy el edificio escolar n\u00famero 300 de nuestra gesti\u00f3n\u201d, remarc\u00f3.<\/p>\n<p>La obra requiri\u00f3 una inversi\u00f3n de $14.449 millones y contempl\u00f3 la construcci\u00f3n del Jard\u00edn de Infantes N\u00b0953, la Escuela Primaria N\u00b058 y la Escuela Secundaria N\u00b058. En conjunto, estas instituciones permitir\u00e1n generar 1.380 nuevas vacantes para estudiantes del distrito, ampliando la capacidad del sistema educativo local y mejorando las condiciones de ense\u00f1anza.<\/p>\n<p>Por su parte, la directora general de Cultura y Educaci\u00f3n, Flavia Terigi, destac\u00f3 la importancia que tendr\u00e1 el nuevo complejo para el desarrollo del barrio y el acceso a la educaci\u00f3n. \u201cEste Polo Educativo implica una transformaci\u00f3n muy importante para el barrio, algo que realmente les va a cambiar la vida a las familias: aqu\u00ed las chicas y los chicos van a entrar desde peque\u00f1os y no los vamos a soltar hasta que terminen toda la educaci\u00f3n obligatoria\u201d, se\u00f1al\u00f3.<\/p>\n<p>La funcionaria tambi\u00e9n resalt\u00f3 el rol del Estado provincial en la garant\u00eda del derecho a la educaci\u00f3n. \u201cCon este tipo de inversiones, y con todos los proyectos que llevamos adelante en materia pedag\u00f3gica, el Estado bonaerense act\u00faa como garante del derecho a la educaci\u00f3n en cada rinc\u00f3n de la provincia de Buenos Aires\u201d, a\u00f1adi\u00f3.<\/p>\n<p>En tanto, desde el OPISU informaron que los trabajos realizados a partir de un convenio con la Direcci\u00f3n General de Cultura y Educaci\u00f3n contemplaron tambi\u00e9n la construcci\u00f3n de un sal\u00f3n de usos m\u00faltiples de 200 metros cuadrados, un play\u00f3n multiuso cubierto y una posta deportiva.<\/p>\n<p>El proyecto incluy\u00f3 adem\u00e1s la creaci\u00f3n de un espacio p\u00fablico destinado al barrio Once, donde se construy\u00f3 una cancha de f\u00fatbol 7, juegos infantiles y una huerta comunitaria, con el objetivo de promover la integraci\u00f3n social y el uso comunitario de los espacios del nuevo polo educativo.<\/p>\n<p>A su turno, el intendente de Berazategui, Carlos Balor, destac\u00f3 la relevancia del complejo educativo para el crecimiento de la comunidad. \u201cEl polo educativo que inauguramos no es solo un conjunto de edificios, es una apuesta al futuro, a la igualdad y a las nuevas oportunidades para todos los chicos y chicas de El Pato\u201d, afirm\u00f3.<\/p>\n<p>El jefe comunal record\u00f3 adem\u00e1s que el proyecto fue pensado junto al hist\u00f3rico dirigente local Juan Jos\u00e9 Mussi. \u201cEs un espacio dise\u00f1ado para acompa\u00f1ar a las familias desde la infancia hasta la adolescencia. Este proyecto demuestra el compromiso y el amor por la educaci\u00f3n p\u00fablica\u201d, agreg\u00f3.<\/p>\n<p>Por su parte, la directora del Jard\u00edn de Infantes N\u00b0953, Florencia Bernarducci, sostuvo que la inauguraci\u00f3n del complejo representa una oportunidad para ampliar el acceso a la educaci\u00f3n en la zona. \u201cLa educaci\u00f3n es la herramienta m\u00e1s poderosa para construir un futuro con justicia social: este polo no hubiera sido posible sin la decisi\u00f3n pol\u00edtica de un Gobierno provincial comprometido con la escuela p\u00fablica y gratuita\u201d, expres\u00f3.<\/p>\n<p>La directora destac\u00f3 adem\u00e1s el valor del nuevo establecimiento para la comunidad educativa. \u201cEste nuevo espacio inclusivo va a brindar igualdad de oportunidades a todos los chicos y chicas del barrio\u201d, se\u00f1al\u00f3.<\/p>\n<p>Finalmente, Kicillof reafirm\u00f3 el compromiso del Gobierno bonaerense con el fortalecimiento de la educaci\u00f3n p\u00fablica. \u201cEstamos convencidos de que este es el camino: con un Estado que invierta, que acompa\u00f1e y que ofrezca mejores posibilidades de futuro para los chicos de la Provincia\u201d, concluy\u00f3. Del acto tambi\u00e9n participaron el subsecretario de Infraestructura Escolar, Ariel Lambezat; el diputado provincial Mariano Cascallares; y las directoras de la Escuela Primaria N\u00b058, Carolina Mi\u00f1o, y de la Escuela Secundaria N\u00b058, Marcela Capusta.<\/p>\n","protected":false},"excerpt":{"rendered":"<p>Con una inversi\u00f3n de $14.449 millones, el nuevo complejo educativo incluye un jard\u00edn de infantes, una escuela primaria y una secundaria, y permitir\u00e1 ampliar la oferta educativa con 1.380 nuevas vacantes para estudiantes del distrito, consolid\u00e1ndose como uno de los proyectos educativos m\u00e1s importantes inaugurados durante la actual gesti\u00f3n provincial. El gobernador de la provincia [&hellip;]<\/p>\n","protected":false},"author":2,"featured_media":3974,"comment_status":"closed","ping_status":"open","sticky":false,"template":"","format":"standard","meta":{"_eb_attr":"","footnotes":""},"categories":[9],"tags":[],"class_list":{"0":"post-3973","1":"post","2":"type-post","3":"status-publish","4":"format-standard","5":"has-post-thumbnail","7":"category-politica"},"aioseo_notices":[],"_links":{"self":[{"href":"https:\/\/2804informa.com.ar\/index.php?rest_route=\/wp\/v2\/posts\/3973","targetHints":{"allow":["GET"]}}],"collection":[{"href":"https:\/\/2804informa.com.ar\/index.php?rest_route=\/wp\/v2\/posts"}],"about":[{"href":"https:\/\/2804informa.com.ar\/index.php?rest_route=\/wp\/v2\/types\/post"}],"author":[{"embeddable":true,"href":"https:\/\/2804informa.com.ar\/index.php?rest_route=\/wp\/v2\/users\/2"}],"replies":[{"embeddable":true,"href":"https:\/\/2804informa.com.ar\/index.php?rest_route=%2Fwp%2Fv2%2Fcomments&post=3973"}],"version-history":[{"count":1,"href":"https:\/\/2804informa.com.ar\/index.php?rest_route=\/wp\/v2\/posts\/3973\/revisions"}],"predecessor-version":[{"id":3975,"href":"https:\/\/2804informa.com.ar\/index.php?rest_route=\/wp\/v2\/posts\/3973\/revisions\/3975"}],"wp:featuredmedia":[{"embeddable":true,"href":"https:\/\/2804informa.com.ar\/index.php?rest_route=\/wp\/v2\/media\/3974"}],"wp:attachment":[{"href":"https:\/\/2804informa.com.ar\/index.php?rest_route=%2Fwp%2Fv2%2Fmedia&parent=3973"}],"wp:term":[{"taxonomy":"category","embeddable":true,"href":"https:\/\/2804informa.com.ar\/index.php?rest_route=%2Fwp%2Fv2%2Fcategories&post=3973"},{"taxonomy":"post_tag","embeddable":true,"href":"https:\/\/2804informa.com.ar\/index.php?rest_route=%2Fwp%2Fv2%2Ftags&post=3973"}],"curies":[{"name":"wp","href":"https:\/\/api.w.org\/{rel}","templated":true}]}}