{"id":3970,"date":"2026-03-07T00:03:12","date_gmt":"2026-03-07T03:03:12","guid":{"rendered":"https:\/\/2804informa.com.ar\/?p=3970"},"modified":"2026-03-06T21:04:30","modified_gmt":"2026-03-07T00:04:30","slug":"misa-por-los-80-anos-del-padre-giovanni","status":"publish","type":"post","link":"https:\/\/2804informa.com.ar\/?p=3970","title":{"rendered":"misa por los 80 a\u00f1os del Padre Giovanni"},"content":{"rendered":"<p><strong>La secretaria de Inclusi\u00f3n, Educaci\u00f3n y Cultura del Municipio y la presidenta del HCD participaron del encuentro realizado en la Parroquia Nuestra Se\u00f1ora del Carmen.<\/strong><\/p>\n<p>La secretaria de Inclusi\u00f3n, Educaci\u00f3n y Cultura del Municipio, Elisa Abella, junto a la presidenta del Concejo Deliberante, Karina Sala, y la concejal Anal\u00eda Flor, participaron de la misa de Acci\u00f3n de Gracias por el 80\u00b0 cumplea\u00f1os del Padre Giovanni.<\/p>\n<p>La celebraci\u00f3n se llev\u00f3 a cabo en la Parroquia Nuestra Se\u00f1ora del Carmen, donde autoridades municipales, vecinos y miembros de la comunidad eclesi\u00e1stica se acercaron para compartir este momento tan especial.<\/p>\n<p>Durante la ceremonia, las autoridades le desearon un muy feliz cumplea\u00f1os al Padre Giovanni y destacaron su compromiso, vocaci\u00f3n y acompa\u00f1amiento permanente a la comunidad.<\/p>\n<p>La emotiva misa fue tambi\u00e9n una muestra del cari\u00f1o y reconocimiento de los fieles hacia quien, desde hace a\u00f1os, brinda contenci\u00f3n y gu\u00eda a tantas familias de la ciudad.<\/p>\n","protected":false},"excerpt":{"rendered":"<p>La secretaria de Inclusi\u00f3n, Educaci\u00f3n y Cultura del Municipio y la presidenta del HCD participaron del encuentro realizado en la Parroquia Nuestra Se\u00f1ora del Carmen. La secretaria de Inclusi\u00f3n, Educaci\u00f3n y Cultura del Municipio, Elisa Abella, junto a la presidenta del Concejo Deliberante, Karina Sala, y la concejal Anal\u00eda Flor, participaron de la misa de [&hellip;]<\/p>\n","protected":false},"author":2,"featured_media":3971,"comment_status":"closed","ping_status":"open","sticky":false,"template":"","format":"standard","meta":{"_eb_attr":"","footnotes":""},"categories":[5],"tags":[],"class_list":{"0":"post-3970","1":"post","2":"type-post","3":"status-publish","4":"format-standard","5":"has-post-thumbnail","7":"category-sociedad"},"aioseo_notices":[],"_links":{"self":[{"href":"https:\/\/2804informa.com.ar\/index.php?rest_route=\/wp\/v2\/posts\/3970","targetHints":{"allow":["GET"]}}],"collection":[{"href":"https:\/\/2804informa.com.ar\/index.php?rest_route=\/wp\/v2\/posts"}],"about":[{"href":"https:\/\/2804informa.com.ar\/index.php?rest_route=\/wp\/v2\/types\/post"}],"author":[{"embeddable":true,"href":"https:\/\/2804informa.com.ar\/index.php?rest_route=\/wp\/v2\/users\/2"}],"replies":[{"embeddable":true,"href":"https:\/\/2804informa.com.ar\/index.php?rest_route=%2Fwp%2Fv2%2Fcomments&post=3970"}],"version-history":[{"count":1,"href":"https:\/\/2804informa.com.ar\/index.php?rest_route=\/wp\/v2\/posts\/3970\/revisions"}],"predecessor-version":[{"id":3972,"href":"https:\/\/2804informa.com.ar\/index.php?rest_route=\/wp\/v2\/posts\/3970\/revisions\/3972"}],"wp:featuredmedia":[{"embeddable":true,"href":"https:\/\/2804informa.com.ar\/index.php?rest_route=\/wp\/v2\/media\/3971"}],"wp:attachment":[{"href":"https:\/\/2804informa.com.ar\/index.php?rest_route=%2Fwp%2Fv2%2Fmedia&parent=3970"}],"wp:term":[{"taxonomy":"category","embeddable":true,"href":"https:\/\/2804informa.com.ar\/index.php?rest_route=%2Fwp%2Fv2%2Fcategories&post=3970"},{"taxonomy":"post_tag","embeddable":true,"href":"https:\/\/2804informa.com.ar\/index.php?rest_route=%2Fwp%2Fv2%2Ftags&post=3970"}],"curies":[{"name":"wp","href":"https:\/\/api.w.org\/{rel}","templated":true}]}}