{"id":3966,"date":"2026-03-06T20:54:24","date_gmt":"2026-03-06T23:54:24","guid":{"rendered":"https:\/\/2804informa.com.ar\/?p=3966"},"modified":"2026-03-06T20:54:24","modified_gmt":"2026-03-06T23:54:24","slug":"campana-vuelve-a-las-competenciasnacionales-de-basquet-despues-de-28-anos","status":"publish","type":"post","link":"https:\/\/2804informa.com.ar\/?p=3966","title":{"rendered":"Campana vuelve a las competenciasnacionales de b\u00e1squet despu\u00e9s de 28 a\u00f1os"},"content":{"rendered":"<p><strong>El Club Ciudad debutar\u00e1 este s\u00e1bado como local frente a Somisa de San Nicol\u00e1s en el inicio de la Liga Federal 2026. La \u00faltima participaci\u00f3n de la entidad de la calle Chiclana en la estructura nacional fue en el TNA 1997\/98, cuando perdi\u00f3 la final por el ascenso a la Liga Nacional ante Libertad de Sunchales.<\/strong><\/p>\n<p>Con mucha expectativa, el Club Ciudad de Campana est\u00e1 ajustando los \u00faltimos detalles para su debut en la Liga Federal 2026: este s\u00e1bado a las 21.00 recibir\u00e1 a Somisa de San Nicol\u00e1s en el inicio de su camino en la Zona B de la Conferencia Sudeste de esta competencia que re\u00fane a 93 equipos de todo el pa\u00eds.<\/p>\n<p>Este encuentro marcar\u00e1 el regreso de la entidad de la calle Chiclana a la estructura del b\u00e1squet nacional despu\u00e9s de 28 a\u00f1os y una larga trayectoria en la antigua Liga B y el Torneo Nacional de Ascenso (TNA).<\/p>\n<p>Su \u00faltima participaci\u00f3n fue en el TNA 1997\/98, cuando la instituci\u00f3n todav\u00eda se llamaba Siderca. Aquella temporada, con la conducci\u00f3n t\u00e9cnica de Ricardo Palacio y jugadores como Pedro Casermeiro, Juan Manuel Locatelli, Walter Gui\u00f1az\u00fa y Santiago Dubois, alcanz\u00f3 la final por el ascenso a la Liga Nacional.<\/p>\n<p>Sin embargo, no pudo concretar el sue\u00f1o de llegar a la elite del b\u00e1squet argentino al perder 3-2 una muy ajustada y recordada serie frente a Libertad de Sunchales.<\/p>\n<p>Ahora, 28 a\u00f1os despu\u00e9s, con otro nombre y otros colores, la instituci\u00f3n retorna al concierto nacional en el marco de un proyecto que viene trabajando con este objetivo en los \u00faltimos a\u00f1os.<\/p>\n<p>En el plantel, conformado casi en su totalidad por jugadores formados en el club, se destaca el regreso del alero Lautaro Toranzo (de \u00faltimas experiencias en Sportivo Escobar e Independiente de Z\u00e1rate) y la continuidad del hist\u00f3rico capit\u00e1n y goleador, el escolta Francisco Santini.<\/p>\n<p>El base Joaqu\u00edn Aguilar, el alero Valent\u00edn Rivero y el interno Juan Mart\u00edn Delacroix completan la base del equipo que dirigir\u00e1 el joven Mateo Somoza (25 a\u00f1os) en su primera experiencia como entrenador principal de la Primera Divisi\u00f3n, con el acompa\u00f1amiento de Mart\u00edn Trovellesi como asistente t\u00e9cnico.<\/p>\n<p>La Liga Federal solo permite cinco mayores por partido, por lo que los juveniles del club tendr\u00e1n un rol fundamental en la rotaci\u00f3n de cada uno de los partidos. Para ello estar\u00e1n Santiago Somoza, Bautista Boumer\u00e1, Andr\u00e9s Ferricioni, Lautaro Requejo, Ivo Franzese, Jer\u00f3nimo G\u00e9nero y Josu\u00e9 Bonesi, entre otros.<\/p>\n","protected":false},"excerpt":{"rendered":"<p>El Club Ciudad debutar\u00e1 este s\u00e1bado como local frente a Somisa de San Nicol\u00e1s en el inicio de la Liga Federal 2026. La \u00faltima participaci\u00f3n de la entidad de la calle Chiclana en la estructura nacional fue en el TNA 1997\/98, cuando perdi\u00f3 la final por el ascenso a la Liga Nacional ante Libertad de [&hellip;]<\/p>\n","protected":false},"author":2,"featured_media":3967,"comment_status":"closed","ping_status":"open","sticky":false,"template":"","format":"standard","meta":{"_eb_attr":"","footnotes":""},"categories":[6],"tags":[],"class_list":{"0":"post-3966","1":"post","2":"type-post","3":"status-publish","4":"format-standard","5":"has-post-thumbnail","7":"category-deportes"},"aioseo_notices":[],"_links":{"self":[{"href":"https:\/\/2804informa.com.ar\/index.php?rest_route=\/wp\/v2\/posts\/3966","targetHints":{"allow":["GET"]}}],"collection":[{"href":"https:\/\/2804informa.com.ar\/index.php?rest_route=\/wp\/v2\/posts"}],"about":[{"href":"https:\/\/2804informa.com.ar\/index.php?rest_route=\/wp\/v2\/types\/post"}],"author":[{"embeddable":true,"href":"https:\/\/2804informa.com.ar\/index.php?rest_route=\/wp\/v2\/users\/2"}],"replies":[{"embeddable":true,"href":"https:\/\/2804informa.com.ar\/index.php?rest_route=%2Fwp%2Fv2%2Fcomments&post=3966"}],"version-history":[{"count":1,"href":"https:\/\/2804informa.com.ar\/index.php?rest_route=\/wp\/v2\/posts\/3966\/revisions"}],"predecessor-version":[{"id":3968,"href":"https:\/\/2804informa.com.ar\/index.php?rest_route=\/wp\/v2\/posts\/3966\/revisions\/3968"}],"wp:featuredmedia":[{"embeddable":true,"href":"https:\/\/2804informa.com.ar\/index.php?rest_route=\/wp\/v2\/media\/3967"}],"wp:attachment":[{"href":"https:\/\/2804informa.com.ar\/index.php?rest_route=%2Fwp%2Fv2%2Fmedia&parent=3966"}],"wp:term":[{"taxonomy":"category","embeddable":true,"href":"https:\/\/2804informa.com.ar\/index.php?rest_route=%2Fwp%2Fv2%2Fcategories&post=3966"},{"taxonomy":"post_tag","embeddable":true,"href":"https:\/\/2804informa.com.ar\/index.php?rest_route=%2Fwp%2Fv2%2Ftags&post=3966"}],"curies":[{"name":"wp","href":"https:\/\/api.w.org\/{rel}","templated":true}]}}