{"id":3963,"date":"2026-03-06T20:49:14","date_gmt":"2026-03-06T23:49:14","guid":{"rendered":"https:\/\/2804informa.com.ar\/?p=3963"},"modified":"2026-03-06T21:02:01","modified_gmt":"2026-03-07T00:02:01","slug":"ya-esta-abierta-la-inscripcion-a-los-talleres-culturales-del-municipio","status":"publish","type":"post","link":"https:\/\/2804informa.com.ar\/?p=3963","title":{"rendered":"Ya est\u00e1 abierta la inscripci\u00f3n a los talleres culturales del Municipio"},"content":{"rendered":"<p style=\"font-weight: 400;\"><strong>Se dictan de forma gratuita en distintas sedes y horarios para todas las edades. La propuesta incluye danza, artes pl\u00e1sticas, manualidades y actividades recreativas, entre otras.<\/strong><\/p>\n<p style=\"font-weight: 400;\">La Secretar\u00eda de Inclusi\u00f3n, Educaci\u00f3n y Cultura comienza la inscripci\u00f3n a los Talleres Culturales 2026, destinada a vecinos de todas las edades.<\/p>\n<p style=\"font-weight: 400;\">La propuesta ofrece una amplia variedad de actividades art\u00edsticas y formativas que incluyen danza, artes pl\u00e1sticas, manualidades y propuestas recreativas, entre otras.<\/p>\n<p style=\"font-weight: 400;\">Los talleres se dictar\u00e1n en distintos espacios del casco urbano y barrios de la ciudad, con el objetivo de garantizar el acceso a toda la comunidad.<\/p>\n<p style=\"font-weight: 400;\">El proceso de inscripci\u00f3n ya se encuentra abierta y se realiza de forma personal en el Teatro Pedro Barbero (San Mart\u00edn 373) de lunes a viernes de 8 a 18 horas o en la Biblioteca Municipal (Av. Varela 750) lunes a viernes de 8 a 14 horas.<\/p>\n<p style=\"font-weight: 400;\">Tambi\u00e9n, los vecinos podr\u00e1n anotarse directamente con el profesor en la sede, el d\u00eda y al horario de la actividad elegida. Las clases inician el lunes 9 de marzo.<\/p>\n<p style=\"font-weight: 400;\"><strong>\u00a0<\/strong><\/p>\n<p style=\"font-weight: 400;\"><strong>Barrio La Josefa (Padre Vittorio Martino 1673)<\/strong><\/p>\n<ul>\n<li style=\"font-weight: 400;\">Corte y Confecci\u00f3n: jueves de 14 a 16 hs. Prof. Concepci\u00f3n Mart\u00ednez<\/li>\n<li style=\"font-weight: 400;\">F\u00e1brica de Juguetes y TICC: jueves de 18 a 19 horas &#8211;\u00a0 Prof. Andrea Pavez<\/li>\n<\/ul>\n<p style=\"font-weight: 400;\"><strong>Barrio San Cayetano (Tom\u00e1s Murray 321)<\/strong><\/p>\n<ul>\n<li style=\"font-weight: 400;\">F\u00e1brica de Juguetes y TICC: mi\u00e9rcoles de 18:30 a 19:30 horas &#8211; Prof. Andrea Pavez<\/li>\n<li style=\"font-weight: 400;\">Teatro Musical Infantil\/ Juvenil: viernes de 19:30 a 20:30 horas &#8211; Prof. Susan Amaya<\/li>\n<\/ul>\n<p style=\"font-weight: 400;\"><strong>Barrio Sarmiento (Liniers 78)<\/strong><\/p>\n<ul>\n<li style=\"font-weight: 400;\">Porcelana Fr\u00eda y Manualidades: martes de 9 a 11:30 hs \u2013 Prof Andrea Rolandi<\/li>\n<li style=\"font-weight: 400;\">Danzas Varias: s\u00e1bados de 10 a 12 horas &#8211; Prof. C. Giuppone<\/li>\n<li style=\"font-weight: 400;\">Danzas Cl\u00e1sicas y Espa\u00f1olas: martes de 15 a 16:30 horas &#8211; Prof. Fabiana Monz\u00f3n<\/li>\n<li style=\"font-weight: 400;\">Folklore:\u00a0 lunes de 19 a 20 horas &#8211; Prof. Romina Ju\u00e1rez<\/li>\n<\/ul>\n<p style=\"font-weight: 400;\"><strong>Barrio Villanueva (San Lorenzo y Castilla)<\/strong><\/p>\n<ul>\n<li style=\"font-weight: 400;\">Danzas Varias: viernes de 16 a 17:30 horas &#8211; Prof. Claudia Giuppone<\/li>\n<\/ul>\n<p style=\"font-weight: 400;\"><strong>Barrio Ariel del Plata (Mollo 1613):<\/strong><\/p>\n<ul>\n<li style=\"font-weight: 400;\">F\u00e1brica de Juguetes y TICC: viernes de 18 a 19:30 horas &#8211; Prof. Andrea Pavez<\/li>\n<li style=\"font-weight: 400;\">Tango (Adultos): viernes de 19 a 20:30 horas &#8211; Prof. Carolina Garc\u00eda<\/li>\n<li style=\"font-weight: 400;\">Danzas Folkl\u00f3ricas: mi\u00e9rcoles de 18 a 19 hs &#8211; Prof. J. Dusac \/ Prof. J. Basconsello<\/li>\n<\/ul>\n<p style=\"font-weight: 400;\"><strong>Centro de Jubilados y Pensionados Ilusi\u00f3n de la 3\u00aa edad (Liniers 230)<\/strong><\/p>\n<ul>\n<li style=\"font-weight: 400;\">Folklore (J\u00f3venes \/ Adultos): mi\u00e9rcoles de 18 a 19:30 horas &#8211; Prof. N. Moreyra Silva<\/li>\n<li style=\"font-weight: 400;\">Danzas Cl\u00e1sicas y Espa\u00f1olas: jueves de 14 a 15:30 horas &#8211; Prof. Fabiana Monz\u00f3n<\/li>\n<li style=\"font-weight: 400;\">Folklore: jueves de 18 a 19 horas &#8211; Prof. Romina Juarez<\/li>\n<\/ul>\n<p style=\"font-weight: 400;\"><strong>Barrios Amigos (Vigalondo y Bomberos Voluntarios)<\/strong><\/p>\n<ul>\n<li style=\"font-weight: 400;\">Circo (6 a 11 a\u00f1os): lunes 10:30 a 11:30 horas \u2013 Prof Juan Zeballos<\/li>\n<li style=\"font-weight: 400;\">F\u00e1brica de Juguetes y TICC: jueves de 14 a 15:30 horas &#8211; Prof. Andrea Pavez<\/li>\n<li style=\"font-weight: 400;\">Reggaeton: viernes de 18 a 19:30 horas &#8211; Prof. Claudia Giuppone<\/li>\n<li style=\"font-weight: 400;\">Canto (8 a 11 a\u00f1os): lunes de 16:30 a 18 horas &#8211; Prof. Claudia Ibarra<\/li>\n<li style=\"font-weight: 400;\">Canto (12 a 18 a\u00f1os): lunes de 18 a 19:30 horas &#8211; Prof. Claudia Ibarra<\/li>\n<li style=\"font-weight: 400;\">Danzas Folkl\u00f3ricas: lunes de 20 a 21 horas &#8211; Prof. Jaqueline Dusac<\/li>\n<\/ul>\n<p style=\"font-weight: 400;\"><strong>Barrio Las Acacias (Echeverr\u00eda 952)<\/strong><\/p>\n<ul>\n<li style=\"font-weight: 400;\">Porcelana Fr\u00eda y Manualidades: jueves 8:30 a 11:30 horas \u2013Prof. Andrea Rolandi<\/li>\n<li style=\"font-weight: 400;\">F\u00e1brica de Juguetes y TICC: jueves de 10 a 11 horas &#8211; Prof. Andrea Pavez<\/li>\n<\/ul>\n<p style=\"font-weight: 400;\"><strong>Centro Educativo Municipal (Castelli 562)<\/strong><\/p>\n<ul>\n<li style=\"font-weight: 400;\">F\u00e1brica de Juguetes y TICC: viernes de 13:30 a 15:30 horas &#8211; Prof. Andrea Pavez<\/li>\n<li style=\"font-weight: 400;\">Taller de Pintura: martes de 14 a 16 horas; mi\u00e9rcoles de 10 a 12 horas; mi\u00e9rcoles de 14 a 16 horas y viernes de 16:30 a 18:30 horas &#8211; Prof. Diego Carazo<\/li>\n<li style=\"font-weight: 400;\">Ingl\u00e9s inicial adultos (+60 a\u00f1os): lunes de 9 a 10 horas \u2013 Prof. Gabriela Liguori<\/li>\n<\/ul>\n<p style=\"font-weight: 400;\"><strong>Barrio Dallera \u2013 Sociedad de Fomento (Maip\u00fa 369)<\/strong><\/p>\n<ul>\n<li style=\"font-weight: 400;\">Canto &amp; Integraci\u00f3n Adultos: martes 19 a 20 \u2013 Prof. Celeste Montivero<\/li>\n<li style=\"font-weight: 400;\">Circo (6 a 11 a\u00f1os); mi\u00e9rcoles 15:30 a 16:30hs \u2013 Prof. Silvina Bosoni<\/li>\n<li style=\"font-weight: 400;\">Circo (Adolescentes + 11): mi\u00e9rcoles de 16:30 a 17:30hs \u2013 Prof. Silvina Bosoni<\/li>\n<li style=\"font-weight: 400;\">Porcelana Fr\u00eda y Manualidades: jueves de 14 a 17 hs \u2013 Prof. Andrea Rolandi<\/li>\n<li style=\"font-weight: 400;\">Corte y Confecci\u00f3n: lunes de 15 a 17 hs &#8211;\u00a0 Prof. Concepci\u00f3n Mart\u00ednez<\/li>\n<li style=\"font-weight: 400;\">Pasteler\u00eda: jueves de 13:30 a 17 hs \u2013 Prof. Patricia Franco<\/li>\n<li style=\"font-weight: 400;\">Manualidades y Reciclado (Ni\u00f1os): lunes de 10 a 11:30 horas y 14 a 15:30 horas \u2013 Adriana Scaraf\u00eda<\/li>\n<li style=\"font-weight: 400;\">Tango (Inf\/ Juv): jueves 18:30 a 19:30 horas &#8211; Prof. Carolina Garc\u00eda<\/li>\n<li style=\"font-weight: 400;\">Ritmos Latinos (Adultos): jueves 15 a 16 &#8211;\u00a0 Prof. Walter G\u00f3mez<\/li>\n<li style=\"font-weight: 400;\">Danzas Varias (+18): jueves de 15 a 16 horas &#8211; Prof. Claudia Giuppone<\/li>\n<li style=\"font-weight: 400;\">Reggaet\u00f3n (6 a 12): jueves de 18 a 19:30 horas &#8211; Prof. Claudia Giuppone<\/li>\n<li style=\"font-weight: 400;\">Reggaet\u00f3n (+13): jueves de 19:30 a 20:30 horas &#8211; Prof. Claudia Giuppone<\/li>\n<li style=\"font-weight: 400;\">Danzas Varias MIX: s\u00e1bados de 13 a 14:30 horas &#8211; Prof. Claudia Giuppone<\/li>\n<li style=\"font-weight: 400;\">Vocal e Integrador Ni\u00f1os: viernes 18 a 19 horas &#8211; Prof. Celeste Montivero<\/li>\n<li style=\"font-weight: 400;\">Canto &amp; Integraci\u00f3n Adolescentes: viernes 19 a 20 \u2013 Prof. Celeste Montivero<\/li>\n<\/ul>\n<p style=\"font-weight: 400;\"><strong>Biblioteca Municipal (Av. Varela 750)<\/strong><\/p>\n<ul>\n<li style=\"font-weight: 400;\">Manualidades y Reciclado para Ni\u00f1os: martes de 16 a 17:30 horas y 17:30 a 19 horas &#8211; Prof. Adriana Scaraf\u00eda<\/li>\n<\/ul>\n<p style=\"font-weight: 400;\"><strong>Centro Municipal de Oficios (Becerra 718)<\/strong><\/p>\n<p style=\"font-weight: 400;\">Corte y Confecci\u00f3n: martes de 8 a 12 horas &#8211; Prof. Concepci\u00f3n Mart\u00ednez<\/p>\n<p style=\"font-weight: 400;\"><strong>Espacio Campana Joven (Liniers 865)<\/strong><\/p>\n<ul>\n<li style=\"font-weight: 400;\">Ingl\u00e9s inicial para j\u00f3venes y adultos (+16 a\u00f1os): jueves de 18 a 20 horas \u2013 Prof. Gabriela Liguori<\/li>\n<li style=\"font-weight: 400;\">Dibujo, Ilustraci\u00f3n y Comics (8 a 25 a\u00f1os): lunes y mi\u00e9rcoles de 14 a 16 horas\u00a0 &#8211; Natalia Palaveccino<\/li>\n<\/ul>\n<p style=\"font-weight: 400;\"><strong>La Circoneta (Col\u00f3n 529)<\/strong><\/p>\n<ul>\n<li style=\"font-weight: 400;\">Circo Integral (Infantil): lunes de 17 a 18 horas &#8211; Prof. Silvina Bosoni<\/li>\n<li style=\"font-weight: 400;\">Circo Integral (Adolescentes y Adultos): mi\u00e9rcoles de 14 a 15 horas &#8211; Prof. Juan Zeballos<\/li>\n<\/ul>\n<p style=\"font-weight: 400;\"><strong>Barrio Lubo (Cordeu y San Luis)<\/strong><\/p>\n<ul>\n<li style=\"font-weight: 400;\">Porcelana Fr\u00eda y Manualidades: martes de 14 a 17 horas \u2013 Prof. Andrea Rolandi<\/li>\n<li style=\"font-weight: 400;\">Corte y Confecci\u00f3n: mi\u00e9rcoles de 15 a 16:30 horas \u2013 Prof. Concepci\u00f3n Mart\u00ednez<\/li>\n<\/ul>\n<p style=\"font-weight: 400;\"><strong>Barrio Siderca (Lavezzari y Barletta)<\/strong><\/p>\n<ul>\n<li style=\"font-weight: 400;\">Circo (6 a 11 a\u00f1os): lunes 9:15 a 10:15 horas \u2013Prof. Juan Zeballos<\/li>\n<li style=\"font-weight: 400;\">Porcelana Fr\u00eda y Manualidades: lunes de 14 a 17 horas &#8211; Prof. Andrea Rolandi<\/li>\n<\/ul>\n<p style=\"font-weight: 400;\"><strong>Barrio 9 de Julio (Maip\u00fa 714)<\/strong><\/p>\n<ul>\n<li style=\"font-weight: 400;\">Ritmos Latinos (Adultos): martes de 15 a 16 horas &#8211; Prof. Walter G\u00f3mez<\/li>\n<li style=\"font-weight: 400;\">Canto &amp; Integraci\u00f3n (+ 6 a\u00f1os): mi\u00e9rcoles 18:30 a 19:30 horas \u2013 Prof. Celeste Montivero<\/li>\n<li style=\"font-weight: 400;\">Yoga: jueves 13.30 a 14.30 \u2013 Prof. Bel\u00e9n Bonifacini<\/li>\n<\/ul>\n<p style=\"font-weight: 400;\"><strong>Otamendi Sociedad de Fomento (Ayos 72)<\/strong><\/p>\n<ul>\n<li style=\"font-weight: 400;\">Ritmos Latinos: lunes de 15 a 16 horas &#8211; Prof. Walter G\u00f3mez<\/li>\n<\/ul>\n<p style=\"font-weight: 400;\"><strong>Estrella del Este (S\u00edvori 250)<\/strong><\/p>\n<ul>\n<li style=\"font-weight: 400;\">Danzas Folkl\u00f3ricas: martes 18:30 horas; mi\u00e9rcoles 19:30 horas &#8211; Prof. J. Dusac \/ J. Basconsello<\/li>\n<li style=\"font-weight: 400;\">Folklore Estilizado Femenino: martes 18:30 horas, jueves 18:30 horas &#8211; Prof. J. Dusac \/ Prof. J. Basconsello<\/li>\n<li style=\"font-weight: 400;\">Folklore Recreativo (+6 a\u00f1os): jueves 18:30 horas &#8211; Prof. J. Dusac \/ Prof. J. Basconsello<\/li>\n<\/ul>\n<p style=\"font-weight: 400;\"><strong>\u00a0<\/strong><\/p>\n<p style=\"font-weight: 400;\"><strong>Edificio 6 de Julio (San Mart\u00edn 373)<\/strong><\/p>\n<ul>\n<li style=\"font-weight: 400;\">Teatro Comedia Musical para Adolescentes: lunes 16 a 18 horas (avanzados) y de 18:30 a 21 horas (principiantes) \u2013 Prof. Gustavo Dappiano<\/li>\n<li style=\"font-weight: 400;\">Iniciaci\u00f3n a la Danza: lunes 17:30 a 18:30 horas (3 a 5 a\u00f1os) \u2013 Prof. Claudia Giuppone<\/li>\n<li style=\"font-weight: 400;\">Danzas Varias: (inf\/juv): lunes 18:30 a 19:30 (6 a 12 a\u00f1os) \u2013 Prof. Claudia Giuppone<\/li>\n<li style=\"font-weight: 400;\">Danzas Varias (juv\/adultos): lunes 19:30 a 20:30 (+13 a\u00f1os) \u2013 Prof. Claudia Giuppone<\/li>\n<li style=\"font-weight: 400;\">Taller de la Memoria (adultos): lunes \u2013 Prof. Liliana Cestari<\/li>\n<li style=\"font-weight: 400;\">Teatro Musical (+15 a\u00f1os): martes 15 a 17 horas \u2013 Prof. Pablo Pacheco<\/li>\n<li style=\"font-weight: 400;\">Danzas Varias (+18 a\u00f1os): martes 14:30 a 15:30 \u2013 Prof. Claudia Giuppone<\/li>\n<li style=\"font-weight: 400;\">Danzas Espa\u00f1olas Mix: martes 15:30 a 16:30 &#8211;\u00a0 Prof. Claudia Giuppone<\/li>\n<li style=\"font-weight: 400;\">Tango Sal\u00f3n Avanzado: martes 20 a 22 horas \u2013 Carolina Garc\u00eda<\/li>\n<li style=\"font-weight: 400;\">Coro Municipal (+ 18 a\u00f1os): martes 18 a 20 horas \u2013 Antonio Schervina<\/li>\n<li style=\"font-weight: 400;\">Taller Vocal &amp; Integrador (+15 a\u00f1os): martes 19 a 20 horas \u2013 Celeste Montivero<\/li>\n<li style=\"font-weight: 400;\">Comedia Musical (Adultos): martes 20 a 22 horas \u2013 Prof. Hern\u00e1n Casanova<\/li>\n<li style=\"font-weight: 400;\">Yoga en Sillas (+ 18 a\u00f1os): martes 11 a 12 \u2013 Prof. Bel\u00e9n Bonifacini<\/li>\n<li style=\"font-weight: 400;\">Yoga en Sillas (+ 18 a\u00f1os): mi\u00e9rcoles 8:30 a 9:30 &#8211;\u00a0 Prof. Bel\u00e9n Bonifacini<\/li>\n<li style=\"font-weight: 400;\">Ritmos Latinos (+ 18 a\u00f1os): mi\u00e9rcoles 14 a 15 horas &#8211;\u00a0 Walter G\u00f3mez<\/li>\n<li style=\"font-weight: 400;\">Iniciaci\u00f3n a la Danza (3 a 5 a\u00f1os): mi\u00e9rcoles 17:30 a 18:30 \u2013 Claudia Giuppone<\/li>\n<li style=\"font-weight: 400;\">Danzas Varias (6 a 1 a\u00f1os): mi\u00e9rcoles 18:30 a 19:30 \u2013 Prof. Claudia Giuppone<\/li>\n<li style=\"font-weight: 400;\">Tango Sal\u00f3n Principiantes: mi\u00e9rcoles 19 a 20:30 horas \u2013 Carolina Garc\u00eda<\/li>\n<li style=\"font-weight: 400;\">Taller de T\u00e9cnica Teatral para Adolescentes +17 y Adultos: mi\u00e9rcoles 15 a 17:30 horas \u2013 Prof. Andrea Panno<\/li>\n<li style=\"font-weight: 400;\">Taller de T\u00e9cnica Teatral para Adolescentes + 17 y Adultos: mi\u00e9rcoles 18 a 20 \u2013 Prof. Andrea Pano<\/li>\n<li style=\"font-weight: 400;\">Yoga en Sillas (+ 18 a\u00f1os): mi\u00e9rcoles 13:30 a 14:30 \u2013 Prof. Bel\u00e9n Bonifacini<\/li>\n<li style=\"font-weight: 400;\">Expresi\u00f3n Corporal (+ 18 a\u00f1os): mi\u00e9rcoles 15 a 16:30 horas \u2013 Prof. Marcela Salcedo<\/li>\n<li style=\"font-weight: 400;\">Danzas Cl\u00e1sicas y Espa\u00f1olas (+ 18 a\u00f1os): mi\u00e9rcoles 18 a 20 horas \u2013 Fabiana Monz\u00f3n<\/li>\n<li style=\"font-weight: 400;\">Danzas Varias (+ 13 a\u00f1os): mi\u00e9rcoles 19:30 a 20:30 \u2013 Prof. Claudia Giuppone<\/li>\n<li style=\"font-weight: 400;\">Teatro Musical (+ 15 a\u00f1os): jueves 15 a 17 horas \u2013 Prof. Pablo Pacheco<\/li>\n<li style=\"font-weight: 400;\">Teatro Recreativo Adultos: jueves 10 a 11 horas &#8211;\u00a0 Prof. Sandra Condocanari<\/li>\n<li style=\"font-weight: 400;\">Yoga en Sillas (+ 18 a\u00f1os): jueves 11 a 12 horas \u2013 Prof. Bel\u00e9n Bonifacini<\/li>\n<li style=\"font-weight: 400;\">Reggaet\u00f3n (6 a 1 a\u00f1os): jueves 18:30 a 19:30 horas \u2013 Prof. Claudia Gioppone<\/li>\n<li style=\"font-weight: 400;\">Reggaet\u00f3n (+13 a\u00f1os): jueves 19:30 a 20:30 horas \u2013 Prof. Claudia Giuppone<\/li>\n<li style=\"font-weight: 400;\">Folklore Adultos (+ 15 a\u00f1os): jueves 18 a 20 \u2013 Prof. Nahuel Moreyra<\/li>\n<li style=\"font-weight: 400;\">Comedia Musical Adultos: jueves 20 a 22 horas \u2013 Prof. Hern\u00e1n Casanova<\/li>\n<li style=\"font-weight: 400;\">Montaje Comedia Musical (+ 15 a\u00f1os): viernes 15 a 17 y 18:30 a 20:30 horas \u2013 Prof. Pablo Pacheco<\/li>\n<li style=\"font-weight: 400;\">Ritmos Latinos Adultos: viernes 16 a 17 horas \u2013 Prof. Walter G\u00f3mez<\/li>\n<li style=\"font-weight: 400;\">Ritmos Latinos Infantil Juvenil: jueves 18 a 19 horas \u2013 Prof. Walter G\u00f3mez<\/li>\n<li style=\"font-weight: 400;\">Reggaet\u00f3n Varios Mix: viernes 20 a 21 horas \u2013 Prof. Claudia Giuppone<\/li>\n<li style=\"font-weight: 400;\">Teatro + 40 a\u00f1os: viernes 17:30 a 19 \u2013 Prof. Susan Amaya<\/li>\n<\/ul>\n","protected":false},"excerpt":{"rendered":"<p>Se dictan de forma gratuita en distintas sedes y horarios para todas las edades. La propuesta incluye danza, artes pl\u00e1sticas, manualidades y actividades recreativas, entre otras. La Secretar\u00eda de Inclusi\u00f3n, Educaci\u00f3n y Cultura comienza la inscripci\u00f3n a los Talleres Culturales 2026, destinada a vecinos de todas las edades. La propuesta ofrece una amplia variedad de [&hellip;]<\/p>\n","protected":false},"author":2,"featured_media":3964,"comment_status":"closed","ping_status":"open","sticky":false,"template":"","format":"standard","meta":{"_eb_attr":"","footnotes":""},"categories":[5],"tags":[],"class_list":{"0":"post-3963","1":"post","2":"type-post","3":"status-publish","4":"format-standard","5":"has-post-thumbnail","7":"category-sociedad"},"aioseo_notices":[],"_links":{"self":[{"href":"https:\/\/2804informa.com.ar\/index.php?rest_route=\/wp\/v2\/posts\/3963","targetHints":{"allow":["GET"]}}],"collection":[{"href":"https:\/\/2804informa.com.ar\/index.php?rest_route=\/wp\/v2\/posts"}],"about":[{"href":"https:\/\/2804informa.com.ar\/index.php?rest_route=\/wp\/v2\/types\/post"}],"author":[{"embeddable":true,"href":"https:\/\/2804informa.com.ar\/index.php?rest_route=\/wp\/v2\/users\/2"}],"replies":[{"embeddable":true,"href":"https:\/\/2804informa.com.ar\/index.php?rest_route=%2Fwp%2Fv2%2Fcomments&post=3963"}],"version-history":[{"count":2,"href":"https:\/\/2804informa.com.ar\/index.php?rest_route=\/wp\/v2\/posts\/3963\/revisions"}],"predecessor-version":[{"id":3969,"href":"https:\/\/2804informa.com.ar\/index.php?rest_route=\/wp\/v2\/posts\/3963\/revisions\/3969"}],"wp:featuredmedia":[{"embeddable":true,"href":"https:\/\/2804informa.com.ar\/index.php?rest_route=\/wp\/v2\/media\/3964"}],"wp:attachment":[{"href":"https:\/\/2804informa.com.ar\/index.php?rest_route=%2Fwp%2Fv2%2Fmedia&parent=3963"}],"wp:term":[{"taxonomy":"category","embeddable":true,"href":"https:\/\/2804informa.com.ar\/index.php?rest_route=%2Fwp%2Fv2%2Fcategories&post=3963"},{"taxonomy":"post_tag","embeddable":true,"href":"https:\/\/2804informa.com.ar\/index.php?rest_route=%2Fwp%2Fv2%2Ftags&post=3963"}],"curies":[{"name":"wp","href":"https:\/\/api.w.org\/{rel}","templated":true}]}}