{"id":3592,"date":"2026-01-17T18:20:20","date_gmt":"2026-01-17T21:20:20","guid":{"rendered":"https:\/\/2804informa.com.ar\/?p=3592"},"modified":"2026-01-19T18:22:01","modified_gmt":"2026-01-19T21:22:01","slug":"amistoso-de-pretemporada-ante-rosario-central","status":"publish","type":"post","link":"https:\/\/2804informa.com.ar\/?p=3592","title":{"rendered":"Amistoso de pretemporada ante Rosario Central"},"content":{"rendered":"<p>En el marco de su preparaci\u00f3n para la nueva temporada, <strong>Villa D\u00e1lmine<\/strong> disput\u00f3 su primer amistoso de pretemporada frente a <strong>Rosario Central<\/strong>, en el predio que el conjunto rosarino posee en Arroyo Seco.<\/p>\n<p>La jornada se dividi\u00f3 en dos partidos de 50 minutos cada uno y ambos encuentros finalizaron con triunfo para el local. En el primer bloque, Rosario Central se impuso por 3 a 0, con goles de Enzo Gim\u00e9nez, \u00c1ngel Di Mar\u00eda y Alejo V\u00e9liz. En el segundo turno, el Canalla volvi\u00f3 a ganar por 2 a 0, con tantos de Fabricio Oviedo y Franco Fr\u00edas.<\/p>\n<p><strong>Formaci\u00f3n del primer bloque (Villa D\u00e1lmine):<\/strong><br \/>\nJuan Mart\u00edn Rojas; Cristian Broggi, Nicol\u00e1s Agorreca, Agust\u00edn Amicone, Diego Mart\u00ednez; Facundo Garzino, Mateo Sol\u00eds; Maximiliano Resqu\u00edn, Santiago Prim, Ezequiel Ram\u00f3n; y Pablo Oro.<br \/>\n<strong>DT:<\/strong> Ariel Fuscaldo.<\/p>\n<p><strong>Formaci\u00f3n del segundo bloque (Villa D\u00e1lmine):<\/strong><br \/>\nAlexis Luna; Mateo Ravasio, Branko Karnincic, Bautista Toledo, Diego Vitale; Mat\u00edas Nizzo, Valent\u00edn Carlucci; Luciano Brand\u00e1n, Mauricio P\u00e1ez, Alexis Nievas; y Mauro Morales.<br \/>\n<strong>DT:<\/strong> Ariel Fuscaldo.<\/p>\n<p>El encuentro sirvi\u00f3 como primer ensayo formal de pretemporada para el cuerpo t\u00e9cnico, que contin\u00faa evaluando variantes y dando rodaje al plantel.<\/p>\n","protected":false},"excerpt":{"rendered":"<p>En el marco de su preparaci\u00f3n para la nueva temporada, Villa D\u00e1lmine disput\u00f3 su primer amistoso de pretemporada frente a Rosario Central, en el predio que el conjunto rosarino posee en Arroyo Seco. La jornada se dividi\u00f3 en dos partidos de 50 minutos cada uno y ambos encuentros finalizaron con triunfo para el local. En [&hellip;]<\/p>\n","protected":false},"author":2,"featured_media":3593,"comment_status":"closed","ping_status":"open","sticky":false,"template":"","format":"standard","meta":{"_eb_attr":"","footnotes":""},"categories":[6],"tags":[],"class_list":{"0":"post-3592","1":"post","2":"type-post","3":"status-publish","4":"format-standard","5":"has-post-thumbnail","7":"category-deportes"},"aioseo_notices":[],"_links":{"self":[{"href":"https:\/\/2804informa.com.ar\/index.php?rest_route=\/wp\/v2\/posts\/3592","targetHints":{"allow":["GET"]}}],"collection":[{"href":"https:\/\/2804informa.com.ar\/index.php?rest_route=\/wp\/v2\/posts"}],"about":[{"href":"https:\/\/2804informa.com.ar\/index.php?rest_route=\/wp\/v2\/types\/post"}],"author":[{"embeddable":true,"href":"https:\/\/2804informa.com.ar\/index.php?rest_route=\/wp\/v2\/users\/2"}],"replies":[{"embeddable":true,"href":"https:\/\/2804informa.com.ar\/index.php?rest_route=%2Fwp%2Fv2%2Fcomments&post=3592"}],"version-history":[{"count":1,"href":"https:\/\/2804informa.com.ar\/index.php?rest_route=\/wp\/v2\/posts\/3592\/revisions"}],"predecessor-version":[{"id":3594,"href":"https:\/\/2804informa.com.ar\/index.php?rest_route=\/wp\/v2\/posts\/3592\/revisions\/3594"}],"wp:featuredmedia":[{"embeddable":true,"href":"https:\/\/2804informa.com.ar\/index.php?rest_route=\/wp\/v2\/media\/3593"}],"wp:attachment":[{"href":"https:\/\/2804informa.com.ar\/index.php?rest_route=%2Fwp%2Fv2%2Fmedia&parent=3592"}],"wp:term":[{"taxonomy":"category","embeddable":true,"href":"https:\/\/2804informa.com.ar\/index.php?rest_route=%2Fwp%2Fv2%2Fcategories&post=3592"},{"taxonomy":"post_tag","embeddable":true,"href":"https:\/\/2804informa.com.ar\/index.php?rest_route=%2Fwp%2Fv2%2Ftags&post=3592"}],"curies":[{"name":"wp","href":"https:\/\/api.w.org\/{rel}","templated":true}]}}