{"id":2511,"date":"2025-06-05T20:40:42","date_gmt":"2025-06-05T23:40:42","guid":{"rendered":"https:\/\/2804informa.com.ar\/?p=2511"},"modified":"2025-06-05T20:40:42","modified_gmt":"2025-06-05T23:40:42","slug":"el-centro-de-desarrollo-infantil-recibio-la-visita-de-los-bomberos-voluntarios","status":"publish","type":"post","link":"https:\/\/2804informa.com.ar\/?p=2511","title":{"rendered":"El Centro de Desarrollo Infantil recibi\u00f3 la visita de los Bomberos Voluntarios"},"content":{"rendered":"<p style=\"font-weight: 400;\"><strong>Los agentes p\u00fablicos compartieron una gran experiencia educativa con los alumnos del CDI, quienes conocieron mucho sobre su trabajo de asistencia, el equipamiento que utilizan y una autobomba.<\/strong><\/p>\n<p style=\"font-weight: 400;\">En el marco de la celebraci\u00f3n del D\u00eda Nacional del Bombero Voluntario, el Centro de Desarrollo Infantil (CDI) recibi\u00f3 a un grupo de bomberos de la ciuda, quienes compartieron una gran jornada con los alumnos.<\/p>\n<p style=\"font-weight: 400;\">Durante el encuentro, los agentes p\u00fablicos les explicaron de manera l\u00fadica en qu\u00e9 consiste su trabajo, c\u00f3mo act\u00faan en equipo para asistir a la comunidad y la importancia de la prevenci\u00f3n, adem\u00e1s de mostrar el equipamiento que utilizan y sorprender a los alumnos con la presencia de un autobomba.<\/p>\n<p style=\"font-weight: 400;\">Sin dudas esta experiencia educativa fue vivida con mucha alegr\u00eda por parte de los ni\u00f1os, quienes disfrutaron de una gran experiencia educativa y conocieron de cerca a esta instituci\u00f3n tan importante para nuestra ciudad.<\/p>\n<p style=\"font-weight: 400;\">\u201cEs importante reconocer desde la temprana edad la importancia y el rol que cumplen las instituciones que se ocupan de la seguridad de los vecinos\u201d, expres\u00f3 la directora de Educaci\u00f3n, Fernanda Lago, quien agradeci\u00f3 la presencia de los bomberos en el CDI.<\/p>\n","protected":false},"excerpt":{"rendered":"<p>Los agentes p\u00fablicos compartieron una gran experiencia educativa con los alumnos del CDI, quienes conocieron mucho sobre su trabajo de asistencia, el equipamiento que utilizan y una autobomba. En el marco de la celebraci\u00f3n del D\u00eda Nacional del Bombero Voluntario, el Centro de Desarrollo Infantil (CDI) recibi\u00f3 a un grupo de bomberos de la ciuda, [&hellip;]<\/p>\n","protected":false},"author":2,"featured_media":2512,"comment_status":"closed","ping_status":"open","sticky":false,"template":"","format":"standard","meta":{"_eb_attr":"","footnotes":""},"categories":[38],"tags":[],"class_list":{"0":"post-2511","1":"post","2":"type-post","3":"status-publish","4":"format-standard","5":"has-post-thumbnail","7":"category-educacion"},"aioseo_notices":[],"_links":{"self":[{"href":"https:\/\/2804informa.com.ar\/index.php?rest_route=\/wp\/v2\/posts\/2511","targetHints":{"allow":["GET"]}}],"collection":[{"href":"https:\/\/2804informa.com.ar\/index.php?rest_route=\/wp\/v2\/posts"}],"about":[{"href":"https:\/\/2804informa.com.ar\/index.php?rest_route=\/wp\/v2\/types\/post"}],"author":[{"embeddable":true,"href":"https:\/\/2804informa.com.ar\/index.php?rest_route=\/wp\/v2\/users\/2"}],"replies":[{"embeddable":true,"href":"https:\/\/2804informa.com.ar\/index.php?rest_route=%2Fwp%2Fv2%2Fcomments&post=2511"}],"version-history":[{"count":1,"href":"https:\/\/2804informa.com.ar\/index.php?rest_route=\/wp\/v2\/posts\/2511\/revisions"}],"predecessor-version":[{"id":2513,"href":"https:\/\/2804informa.com.ar\/index.php?rest_route=\/wp\/v2\/posts\/2511\/revisions\/2513"}],"wp:featuredmedia":[{"embeddable":true,"href":"https:\/\/2804informa.com.ar\/index.php?rest_route=\/wp\/v2\/media\/2512"}],"wp:attachment":[{"href":"https:\/\/2804informa.com.ar\/index.php?rest_route=%2Fwp%2Fv2%2Fmedia&parent=2511"}],"wp:term":[{"taxonomy":"category","embeddable":true,"href":"https:\/\/2804informa.com.ar\/index.php?rest_route=%2Fwp%2Fv2%2Fcategories&post=2511"},{"taxonomy":"post_tag","embeddable":true,"href":"https:\/\/2804informa.com.ar\/index.php?rest_route=%2Fwp%2Fv2%2Ftags&post=2511"}],"curies":[{"name":"wp","href":"https:\/\/api.w.org\/{rel}","templated":true}]}}