{"id":2066,"date":"2025-02-25T22:01:25","date_gmt":"2025-02-26T01:01:25","guid":{"rendered":"https:\/\/2804informa.com.ar\/?p=2066"},"modified":"2025-02-25T22:01:25","modified_gmt":"2025-02-26T01:01:25","slug":"el-municipio-comenzara-a-reconstruir-el-mastil-de-la-plaza-eduardo-costa-y-se-inaugurara-el-25-de-mayo","status":"publish","type":"post","link":"https:\/\/2804informa.com.ar\/?p=2066","title":{"rendered":"El Municipio comenzar\u00e1 a reconstruir el m\u00e1stil de la Plaza Eduardo Costa y se inaugurar\u00e1 el 25 de Mayo"},"content":{"rendered":"<p style=\"font-weight: 400;\"><strong>Tras realizarse todos los estudios t\u00e9cnicos pertinentes, se constat\u00f3 que, por cuestiones de seguridad, no pod\u00eda mantenerse la misma estructura. Se har\u00e1 una r\u00e9plica exacta.<\/strong><\/p>\n<p style=\"font-weight: 400;\">El Municipio comenzar\u00e1 a reconstruir el m\u00e1stil de la Plaza Eduardo Costa que se cay\u00f3 el pasado 11 de febrero como consecuencia del temporal de viento y lluvia que sufri\u00f3 la ciudad.<\/p>\n<p style=\"font-weight: 400;\">Tras realizarse todos los estudios t\u00e9cnicos pertinentes, se constat\u00f3 que, por cuestiones de seguridad, no pod\u00eda mantenerse la misma estructura ni tampoco colocarse un ca\u00f1o nuevo dentro del que estaba.<\/p>\n<p style=\"font-weight: 400;\">\u201cConstruiremos una r\u00e9plica exacta del original, que inauguraremos con una gran fiesta patria el pr\u00f3ximo 25 de Mayo\u201d, anticiparon desde el Municipio.<\/p>\n<p style=\"font-weight: 400;\">Seg\u00fan informaron, la base ser\u00e1 una r\u00e9plica de la que exist\u00eda, en tanto que el nuevo m\u00e1stil ser\u00e1 m\u00e1s alto. \u201cDado que ser\u00e1 una estructura mayor, se contemplar\u00e1n todas las medidas de seguridad necesarias para una estructura de tales caracter\u00edsticas\u201d, aclararon.<\/p>\n","protected":false},"excerpt":{"rendered":"<p>Tras realizarse todos los estudios t\u00e9cnicos pertinentes, se constat\u00f3 que, por cuestiones de seguridad, no pod\u00eda mantenerse la misma estructura. Se har\u00e1 una r\u00e9plica exacta. El Municipio comenzar\u00e1 a reconstruir el m\u00e1stil de la Plaza Eduardo Costa que se cay\u00f3 el pasado 11 de febrero como consecuencia del temporal de viento y lluvia que sufri\u00f3 [&hellip;]<\/p>\n","protected":false},"author":2,"featured_media":2067,"comment_status":"closed","ping_status":"open","sticky":false,"template":"","format":"standard","meta":{"_eb_attr":"","footnotes":""},"categories":[5],"tags":[],"class_list":{"0":"post-2066","1":"post","2":"type-post","3":"status-publish","4":"format-standard","5":"has-post-thumbnail","7":"category-sociedad"},"aioseo_notices":[],"_links":{"self":[{"href":"https:\/\/2804informa.com.ar\/index.php?rest_route=\/wp\/v2\/posts\/2066","targetHints":{"allow":["GET"]}}],"collection":[{"href":"https:\/\/2804informa.com.ar\/index.php?rest_route=\/wp\/v2\/posts"}],"about":[{"href":"https:\/\/2804informa.com.ar\/index.php?rest_route=\/wp\/v2\/types\/post"}],"author":[{"embeddable":true,"href":"https:\/\/2804informa.com.ar\/index.php?rest_route=\/wp\/v2\/users\/2"}],"replies":[{"embeddable":true,"href":"https:\/\/2804informa.com.ar\/index.php?rest_route=%2Fwp%2Fv2%2Fcomments&post=2066"}],"version-history":[{"count":1,"href":"https:\/\/2804informa.com.ar\/index.php?rest_route=\/wp\/v2\/posts\/2066\/revisions"}],"predecessor-version":[{"id":2068,"href":"https:\/\/2804informa.com.ar\/index.php?rest_route=\/wp\/v2\/posts\/2066\/revisions\/2068"}],"wp:featuredmedia":[{"embeddable":true,"href":"https:\/\/2804informa.com.ar\/index.php?rest_route=\/wp\/v2\/media\/2067"}],"wp:attachment":[{"href":"https:\/\/2804informa.com.ar\/index.php?rest_route=%2Fwp%2Fv2%2Fmedia&parent=2066"}],"wp:term":[{"taxonomy":"category","embeddable":true,"href":"https:\/\/2804informa.com.ar\/index.php?rest_route=%2Fwp%2Fv2%2Fcategories&post=2066"},{"taxonomy":"post_tag","embeddable":true,"href":"https:\/\/2804informa.com.ar\/index.php?rest_route=%2Fwp%2Fv2%2Ftags&post=2066"}],"curies":[{"name":"wp","href":"https:\/\/api.w.org\/{rel}","templated":true}]}}